{"id":154326,"date":"2020-02-20T13:46:13","date_gmt":"2020-02-20T16:46:13","guid":{"rendered":"http:\/\/www.caririemacao.com\/1\/?p=154326"},"modified":"2020-02-20T13:46:15","modified_gmt":"2020-02-20T16:46:15","slug":"prefeitura-de-prata-continua-abastecendo-comunidades-da-zona-rural","status":"publish","type":"post","link":"https:\/\/www.caririemacao.com\/1\/2020\/02\/20\/prefeitura-de-prata-continua-abastecendo-comunidades-da-zona-rural\/","title":{"rendered":"Prefeitura de Prata continua abastecendo comunidades da zona rural"},"content":{"rendered":"\n<figure class=\"wp-block-image\"><img decoding=\"async\" data-src=\"https:\/\/1.bp.blogspot.com\/-oj6P_5HxONM\/XbGNPn2GDGI\/AAAAAAABUOY\/8o2wHdouIHQ42O0ivUo6QgU9AvFJqAqFgCLcBGAsYHQ\/s280\/WhatsApp%2BImage%2B2019-10-22%2Bat%2B22.20.32.jpeg\" alt=\"\" src=\"data:image\/svg+xml;base64,PHN2ZyB3aWR0aD0iMSIgaGVpZ2h0PSIxIiB4bWxucz0iaHR0cDovL3d3dy53My5vcmcvMjAwMC9zdmciPjwvc3ZnPg==\" class=\"lazyload\" \/><\/figure>\n\n\n\n<p>Desde o in\u00edcio do ano a Prefeitura de Prata, atrav\u00e9s da Secretaria Municipal de agricultura vem disponibilizando \u00e1gua pot\u00e1vel para fam\u00edlias da zona rural do munic\u00edpio, que ainda n\u00e3o s\u00e3o atendidas pela rede de abastecimento.<\/p>\n\n\n\n<p><br>Na \u00faltima quarta-feira, 23\u00b0, os caminh\u00f5es pipa percorreu diversas comunidades para realizar o abastecimento com \u00e1gua pot\u00e1vel nas comunidades do Povoado\u00a0\u00a0Sitio do Melo, S\u00e3o Francisco,Pereiros,Gabriel.<\/p>\n\n\n\n<p><br>&#8220;Eu estou satisfeita com esse servi\u00e7o realizado pela Prefeitura de Prata, de promover o abastecimento regular de \u00e1gua aqui na comunidade. <\/p>\n\n\n\n<p>Antes a gente tinha dificuldade de acesso a \u00e1gua, mas hoje n\u00e3o existe mais isso. Assim que solicitamos, a secretaria prontamente nos atende&#8221;, expressou uma das moradoras do Sitio Gabriel.<\/p>\n\n\n\n<p><br>Atrav\u00e9s dessa iniciativa a administra\u00e7\u00e3o do prefeito Junior N\u00f3brega mant\u00eam o compromisso de levar \u00e1gua de qualidade para todos os moradores de Prata.<\/p>\n\n\n\n<p><br><strong>Com Andr\u00e9 Luiz<\/strong><\/p>\n","protected":false},"excerpt":{"rendered":"<p>Desde o in\u00edcio do ano a Prefeitura de Prata, atrav\u00e9s da Secretaria Municipal de agricultura vem disponibilizando \u00e1gua pot\u00e1vel para fam\u00edlias da zona rural do&hellip; <\/p>\n","protected":false},"author":2,"featured_media":95297,"comment_status":"closed","ping_status":"closed","sticky":false,"template":"","format":"standard","meta":{"sfsi_plus_gutenberg_text_before_share":"","sfsi_plus_gutenberg_show_text_before_share":"","sfsi_plus_gutenberg_icon_type":"","sfsi_plus_gutenberg_icon_alignemt":"","sfsi_plus_gutenburg_max_per_row":"","footnotes":""},"categories":[6],"tags":[],"class_list":["post-154326","post","type-post","status-publish","format-standard","has-post-thumbnail","hentry","category-cidades"],"_links":{"self":[{"href":"https:\/\/www.caririemacao.com\/1\/wp-json\/wp\/v2\/posts\/154326","targetHints":{"allow":["GET"]}}],"collection":[{"href":"https:\/\/www.caririemacao.com\/1\/wp-json\/wp\/v2\/posts"}],"about":[{"href":"https:\/\/www.caririemacao.com\/1\/wp-json\/wp\/v2\/types\/post"}],"author":[{"embeddable":true,"href":"https:\/\/www.caririemacao.com\/1\/wp-json\/wp\/v2\/users\/2"}],"replies":[{"embeddable":true,"href":"https:\/\/www.caririemacao.com\/1\/wp-json\/wp\/v2\/comments?post=154326"}],"version-history":[{"count":1,"href":"https:\/\/www.caririemacao.com\/1\/wp-json\/wp\/v2\/posts\/154326\/revisions"}],"predecessor-version":[{"id":154327,"href":"https:\/\/www.caririemacao.com\/1\/wp-json\/wp\/v2\/posts\/154326\/revisions\/154327"}],"wp:featuredmedia":[{"embeddable":true,"href":"https:\/\/www.caririemacao.com\/1\/wp-json\/wp\/v2\/media\/95297"}],"wp:attachment":[{"href":"https:\/\/www.caririemacao.com\/1\/wp-json\/wp\/v2\/media?parent=154326"}],"wp:term":[{"taxonomy":"category","embeddable":true,"href":"https:\/\/www.caririemacao.com\/1\/wp-json\/wp\/v2\/categories?post=154326"},{"taxonomy":"post_tag","embeddable":true,"href":"https:\/\/www.caririemacao.com\/1\/wp-json\/wp\/v2\/tags?post=154326"}],"curies":[{"name":"wp","href":"https:\/\/api.w.org\/{rel}","templated":true}]}}