{"id":154330,"date":"2020-02-20T13:48:39","date_gmt":"2020-02-20T16:48:39","guid":{"rendered":"http:\/\/www.caririemacao.com\/1\/?p=154330"},"modified":"2020-02-20T13:48:41","modified_gmt":"2020-02-20T16:48:41","slug":"parcerias-monteiro-ganhara-sede-moderna-e-ampliada-para-a-7a-ciretran","status":"publish","type":"post","link":"https:\/\/www.caririemacao.com\/1\/2020\/02\/20\/parcerias-monteiro-ganhara-sede-moderna-e-ampliada-para-a-7a-ciretran\/","title":{"rendered":"Parcerias: Monteiro ganhar\u00e1 sede moderna e ampliada para a 7\u00aa Ciretran"},"content":{"rendered":"\n<p>A prefeita da cidade de Monteiro, Anna Lorena, esteve na tarde desta ter\u00e7a-feira, 18, juntamente com a secret\u00e1ria de Planejamento, Waldirene Alves, dos empres\u00e1rios M\u00e1rio e Ronaldo, para juntamente com o superintendente estadual do Detran, Agamenon Vieira, visitando o local onde ser\u00e1 constru\u00edda a nova sede da 7\u00aa Ciretran.<\/p>\n\n\n\n<p>A visita e o an\u00fancio do local foram feitos atrav\u00e9s das redes sociais da prefeita Anna Lorena, que na oportunidade informou que os recursos j\u00e1 est\u00e3o garantidos pelo governador do Estado, Jo\u00e3o Azevedo, para a constru\u00e7\u00e3o e funcionamento da 7\u00aa Ciretran.<\/p>\n\n\n\n<p>De acordo com o superintendente Agamenon Vieira, a constru\u00e7\u00e3o da nova sede beneficiar\u00e1 Monteiro e cidades vizinhas, tendo em vista que com a entrega da obra diversos servi\u00e7os ser\u00e3o agregados, desobrigando assim que a popula\u00e7\u00e3o precise recorrer a centros como Campina Grande para a resolu\u00e7\u00e3o de quest\u00f5es ligadas ao \u00f3rg\u00e3o.<\/p>\n\n\n\n<p>Anna Lorena ainda fez quest\u00e3o de agradecer tanto ao superintendente, quanto ao governador do estado, mais este benef\u00edcio que \u00e9 fruto de uma parceria que tem fornecido a Monteiro o apoio para a implanta\u00e7\u00e3o e funcionamento de diversos \u00f3rg\u00e3os, beneficiando diretamente a popula\u00e7\u00e3o monteirense, e de munic\u00edpios adjacentes.<\/p>\n\n\n\n<p>A 7\u00aa Ceretran<\/p>\n\n\n\n<p>O \u00f3rg\u00e3o t\u00eam atua\u00e7\u00e3o no munic\u00edpio de Monteiro, atendendo tamb\u00e9m os munic\u00edpios do Cariri. No local os interessados poder\u00e3o realizar consultas como: multas recebidas ou pontos perdidos na CNH, &nbsp;informa\u00e7\u00f5es sobre os ve\u00edculos como IPVA, Seguro DPVAT, ou at\u00e9 mesmo o licenciamento. Al\u00e9m disso, a Ciretran realiza emiss\u00e3o de CNH, bem como a apreens\u00e3o da carteira ou de ve\u00edculos.<\/p>\n","protected":false},"excerpt":{"rendered":"<p>A prefeita da cidade de Monteiro, Anna Lorena, esteve na tarde desta ter\u00e7a-feira, 18, juntamente com a secret\u00e1ria de Planejamento, Waldirene Alves, dos empres\u00e1rios M\u00e1rio&hellip; <\/p>\n","protected":false},"author":2,"featured_media":154331,"comment_status":"closed","ping_status":"closed","sticky":false,"template":"","format":"standard","meta":{"sfsi_plus_gutenberg_text_before_share":"","sfsi_plus_gutenberg_show_text_before_share":"","sfsi_plus_gutenberg_icon_type":"","sfsi_plus_gutenberg_icon_alignemt":"","sfsi_plus_gutenburg_max_per_row":"","footnotes":""},"categories":[50,2],"tags":[],"class_list":["post-154330","post","type-post","status-publish","format-standard","has-post-thumbnail","hentry","category-destaque","category-geral"],"_links":{"self":[{"href":"https:\/\/www.caririemacao.com\/1\/wp-json\/wp\/v2\/posts\/154330","targetHints":{"allow":["GET"]}}],"collection":[{"href":"https:\/\/www.caririemacao.com\/1\/wp-json\/wp\/v2\/posts"}],"about":[{"href":"https:\/\/www.caririemacao.com\/1\/wp-json\/wp\/v2\/types\/post"}],"author":[{"embeddable":true,"href":"https:\/\/www.caririemacao.com\/1\/wp-json\/wp\/v2\/users\/2"}],"replies":[{"embeddable":true,"href":"https:\/\/www.caririemacao.com\/1\/wp-json\/wp\/v2\/comments?post=154330"}],"version-history":[{"count":1,"href":"https:\/\/www.caririemacao.com\/1\/wp-json\/wp\/v2\/posts\/154330\/revisions"}],"predecessor-version":[{"id":154332,"href":"https:\/\/www.caririemacao.com\/1\/wp-json\/wp\/v2\/posts\/154330\/revisions\/154332"}],"wp:featuredmedia":[{"embeddable":true,"href":"https:\/\/www.caririemacao.com\/1\/wp-json\/wp\/v2\/media\/154331"}],"wp:attachment":[{"href":"https:\/\/www.caririemacao.com\/1\/wp-json\/wp\/v2\/media?parent=154330"}],"wp:term":[{"taxonomy":"category","embeddable":true,"href":"https:\/\/www.caririemacao.com\/1\/wp-json\/wp\/v2\/categories?post=154330"},{"taxonomy":"post_tag","embeddable":true,"href":"https:\/\/www.caririemacao.com\/1\/wp-json\/wp\/v2\/tags?post=154330"}],"curies":[{"name":"wp","href":"https:\/\/api.w.org\/{rel}","templated":true}]}}