{"id":154337,"date":"2020-02-20T13:54:08","date_gmt":"2020-02-20T16:54:08","guid":{"rendered":"http:\/\/www.caririemacao.com\/1\/?p=154337"},"modified":"2020-02-20T13:54:09","modified_gmt":"2020-02-20T16:54:09","slug":"ufcg-abre-inscricoes-para-mba-em-gestao-empreendedora-e-inovacao","status":"publish","type":"post","link":"https:\/\/www.caririemacao.com\/1\/2020\/02\/20\/ufcg-abre-inscricoes-para-mba-em-gestao-empreendedora-e-inovacao\/","title":{"rendered":"UFCG abre inscri\u00e7\u00f5es para MBA em Gest\u00e3o Empreendedora e Inova\u00e7\u00e3o"},"content":{"rendered":"\n<p>A Universidade Federal de Campina Grande (UFCG) est\u00e1 com inscri\u00e7\u00f5es abertas para o Curso MBA em Gest\u00e3o Empreendedora e Inova\u00e7\u00e3o. O curso, semipresencial, tem carga hor\u00e1ria de 360 horas. \u00c9 uma realiza\u00e7\u00e3o da UFCG em parceria com a Funda\u00e7\u00e3o Parque Tecnol\u00f3gico da Para\u00edba (PaqTcPB) e apoio do Sebrae e Instituto Lynaldo Cavalcanti. As inscri\u00e7\u00f5es se estender\u00e3o at\u00e9 o dia 6 de mar\u00e7o.<\/p>\n\n\n\n<p>O curso \u00e9 composto por 12 disciplinas que v\u00e3o ajudar o aluno a desenvolver sua atitude empreendedora, atrav\u00e9s do Ecossistema de Inova\u00e7\u00e3o, Economia Criativa e Compartilhada, Neg\u00f3cios Inovadores e de Alto Impacto, Responsabilidade Social em Neg\u00f3cios, Valora\u00e7\u00e3o e Marketing da Inova\u00e7\u00e3o:<\/p>\n\n\n\n<p><strong>Disciplinas<\/strong><\/p>\n\n\n\n<p><em>Empreendedorismo e Startups<\/em><\/p>\n\n\n\n<p><em>Intraempreendedorismo e Gest\u00e3o de Pessoas<\/em><\/p>\n\n\n\n<p><em>Ecossistema de Inova\u00e7\u00e3o e Empreendedorismo<\/em><\/p>\n\n\n\n<p><em>Gest\u00e3o da Inova\u00e7\u00e3o Tecnol\u00f3gica<\/em><\/p>\n\n\n\n<p><em>Inova\u00e7\u00e3o, Novas Tecnologias e Economia Compartilhada<\/em><\/p>\n\n\n\n<p><em>Aspectos legais e institucionais da inova\u00e7\u00e3o tecnol\u00f3gica e empreendedorismo<\/em><\/p>\n\n\n\n<p><em>Gest\u00e3o de Marketing e Vendas<\/em><\/p>\n\n\n\n<p><em>Mecanismos para Capta\u00e7\u00e3o de Recursos para Novos Empreendimentos<\/em><\/p>\n\n\n\n<p><em>Prospec\u00e7\u00e3o Tecnol\u00f3gica<\/em><\/p>\n\n\n\n<p><em>Estudo de Viabilidade Econ\u00f4mico-Financeira de Novos Empreendimentos<\/em><\/p>\n\n\n\n<p><em>Plano de Neg\u00f3cios<\/em><\/p>\n\n\n\n<p><em>Oficina de Neg\u00f3cios<\/em><\/p>\n\n\n\n<p>As inscri\u00e7\u00f5es podem ser realizadas no formul\u00e1rio dispon\u00edvel na p\u00e1gina&nbsp;<a href=\"http:\/\/mbaempreendedorismo.org.br\/\">http:\/\/mbaempreendedorismo.org.br\/<\/a>&nbsp;onde tem mais informa\u00e7\u00f5es sobre o curso, ou presencialmente no Peasa \u2013 Programa de Estudos e A\u00e7\u00f5es Para o Semi\u00e1rido da UFCG (por tr\u00e1s da Unidade de Arte e M\u00eddia).&nbsp;A aula Inaugural ser\u00e1 no dia 19 de mar\u00e7o e no dia 20 de mar\u00e7o ter\u00e3o in\u00edcio as atividades acad\u00eamicas.<\/p>\n\n\n\n<p>Acesse&nbsp;<a href=\"https:\/\/docs.google.com\/forms\/d\/e\/1FAIpQLSdPbcgzxF_DtV7upOXdyIX2LBlzUpfPkrDy3LxLPCD4_eHmLg\/viewform\">aqui<\/a>&nbsp;o Formul\u00e1rio de Inscri\u00e7\u00e3o.<\/p>\n\n\n\n<p>Fonte: Funda\u00e7\u00e3o PaqtcPB<\/p>\n","protected":false},"excerpt":{"rendered":"<p>A Universidade Federal de Campina Grande (UFCG) est\u00e1 com inscri\u00e7\u00f5es abertas para o Curso MBA em Gest\u00e3o Empreendedora e Inova\u00e7\u00e3o. O curso, semipresencial, tem carga&hellip; <\/p>\n","protected":false},"author":2,"featured_media":154034,"comment_status":"closed","ping_status":"closed","sticky":false,"template":"","format":"standard","meta":{"sfsi_plus_gutenberg_text_before_share":"","sfsi_plus_gutenberg_show_text_before_share":"","sfsi_plus_gutenberg_icon_type":"","sfsi_plus_gutenberg_icon_alignemt":"","sfsi_plus_gutenburg_max_per_row":"","footnotes":""},"categories":[14],"tags":[],"class_list":["post-154337","post","type-post","status-publish","format-standard","has-post-thumbnail","hentry","category-educacao"],"_links":{"self":[{"href":"https:\/\/www.caririemacao.com\/1\/wp-json\/wp\/v2\/posts\/154337","targetHints":{"allow":["GET"]}}],"collection":[{"href":"https:\/\/www.caririemacao.com\/1\/wp-json\/wp\/v2\/posts"}],"about":[{"href":"https:\/\/www.caririemacao.com\/1\/wp-json\/wp\/v2\/types\/post"}],"author":[{"embeddable":true,"href":"https:\/\/www.caririemacao.com\/1\/wp-json\/wp\/v2\/users\/2"}],"replies":[{"embeddable":true,"href":"https:\/\/www.caririemacao.com\/1\/wp-json\/wp\/v2\/comments?post=154337"}],"version-history":[{"count":1,"href":"https:\/\/www.caririemacao.com\/1\/wp-json\/wp\/v2\/posts\/154337\/revisions"}],"predecessor-version":[{"id":154338,"href":"https:\/\/www.caririemacao.com\/1\/wp-json\/wp\/v2\/posts\/154337\/revisions\/154338"}],"wp:featuredmedia":[{"embeddable":true,"href":"https:\/\/www.caririemacao.com\/1\/wp-json\/wp\/v2\/media\/154034"}],"wp:attachment":[{"href":"https:\/\/www.caririemacao.com\/1\/wp-json\/wp\/v2\/media?parent=154337"}],"wp:term":[{"taxonomy":"category","embeddable":true,"href":"https:\/\/www.caririemacao.com\/1\/wp-json\/wp\/v2\/categories?post=154337"},{"taxonomy":"post_tag","embeddable":true,"href":"https:\/\/www.caririemacao.com\/1\/wp-json\/wp\/v2\/tags?post=154337"}],"curies":[{"name":"wp","href":"https:\/\/api.w.org\/{rel}","templated":true}]}}