{"id":154343,"date":"2020-02-20T13:58:32","date_gmt":"2020-02-20T16:58:32","guid":{"rendered":"http:\/\/www.caririemacao.com\/1\/?p=154343"},"modified":"2020-02-20T13:58:34","modified_gmt":"2020-02-20T16:58:34","slug":"prefeitura-convoca-aprovados-no-pss-de-auxiliar-de-desenvolvimento-cognitivo-infantil","status":"publish","type":"post","link":"https:\/\/www.caririemacao.com\/1\/2020\/02\/20\/prefeitura-convoca-aprovados-no-pss-de-auxiliar-de-desenvolvimento-cognitivo-infantil\/","title":{"rendered":"Prefeitura convoca aprovados no PSS de Auxiliar de Desenvolvimento Cognitivo Infantil"},"content":{"rendered":"\n<p>A Comiss\u00e3o Organizadora de Realiza\u00e7\u00e3o, Fiscaliza\u00e7\u00e3o e Acompanhamento, nomeada atrav\u00e9s da Portaria n\u00ba 6.026\/2020 de 04 de fevereiro de 2020, do Processo Seletivo Simplificado n\u00ba 01\/2020, torna p\u00fablico o presente edital de convoca\u00e7\u00e3o n\u00ba 01\/2020 para contrata\u00e7\u00e3o por tempo determinado, de excepcional interesse p\u00fablico de&nbsp;<strong>AUXILIAR DE DESENVOLVIMENTO COGNITIVO INFANTIL \u2013 ADI<\/strong>. Os convocados devem comparecer \u00e0 Secretaria de Administra\u00e7\u00e3o\/Setor de Recursos Humanos, localizada na Avenida Primeiro de Abril, n\u00ba 379, nesta cidade,&nbsp;<strong>em at\u00e9 48 (quarenta e oito) horas da data de publica\u00e7\u00e3o deste edital<\/strong>, ou seja 13h50 do dia 24\/02\/2020, para assinatura de contrato. Considerando o recesso de CARNAVAL, devem comparecer at\u00e9 13h50 do dia 27\/02\/2020.<\/p>\n\n\n\n<figure class=\"wp-block-table\"><table class=\"\"><tbody><tr><td><strong>CARGO: AUXILIAR DE DESENVOLVIMENTO COGNITIVO INFANTIL<\/strong><\/td><\/tr><\/tbody><\/table><\/figure>\n\n\n\n<figure class=\"wp-block-table\"><table class=\"\"><tbody><tr><td><strong>ORDEM<\/strong><\/td><td><strong>INSCRI\u00c7\u00c3O<\/strong><\/td><td><strong>CANDIDATO<\/strong><\/td><td><strong>N.F<\/strong><\/td><td><strong>SITUA\u00c7\u00c3O<\/strong><\/td><\/tr><tr><td>1\u00ba<\/td><td>122<\/td><td>ALANNY ARAUJO DE SOUZA<\/td><td>7,85<\/td><td><strong>APROVADO<\/strong><\/td><\/tr><tr><td>2\u00ba<\/td><td>115<\/td><td>LINDIANE BALBINO DE SOUZA<\/td><td>7,80<\/td><td><strong>APROVADO<\/strong><\/td><\/tr><tr><td>3\u00ba<\/td><td>049<\/td><td>K\u00c1TIA SIMONE RAMOS FEITOSA<\/td><td>7,75<\/td><td><strong>APROVADO<\/strong><\/td><\/tr><tr><td>4\u00ba<\/td><td>054<\/td><td>ELIEHERME RAMOS DA SILVA<\/td><td>7,50<\/td><td><strong>APROVADO<\/strong><\/td><\/tr><tr><td>5\u00ba<\/td><td>107<\/td><td>CHARLENE SOUSA SILVA<\/td><td>7,45<\/td><td><strong>APROVADO<\/strong><\/td><\/tr><\/tbody><\/table><\/figure>\n\n\n\n<p>Sum\u00e9, 20 de fevereiro de 2020<\/p>\n\n\n\n<p><strong>BON\u00cdLSON TIM\u00d3TEO MENDON\u00c7A DE LIMA<\/strong><\/p>\n\n\n\n<p>Secret\u00e1rio de Administra\u00e7\u00e3o<\/p>\n\n\n\n<p><strong>CHECK LISTA \u2013 DOCUMENTOS EXIGIDOS\/C\u00d3PIAS SIMPLES<\/strong><\/p>\n\n\n\n<ol class=\"wp-block-list\"><li>CERTID\u00c3O NASCIMENTO OU CASAMENTO<\/li><li>CERTID\u00c3O INSCRI\u00c7\u00c3O PIS\/PASEP (Caso ainda n\u00e3o possua, o RH ir\u00e1, no ato da posse, fornecer formul\u00e1rio preenchido com seus dados, para solicita\u00e7\u00e3o junto ao Banco do Brasil) \u2013 \u2013 N\u00c3O SERVE NIS;<\/li><li>DOCUMENTO COMPROBAT\u00d3RIO DE REGULARIZA\u00c7\u00c3O DO SERVI\u00c7O MILITAR (Sexo masculino)<\/li><li>COMPROVA\u00c7\u00c3O DE ESCOLARIDADE EXIGIDA<\/li><li>DECLARA\u00c7\u00c3O EXPRESSA DE ACUMULA\u00c7\u00c3O, OU N\u00c3O, DE CARGO OU APOSENTADORIA. CASO POSSUA (Comprovar a denomina\u00e7\u00e3o do cargo, a carga hor\u00e1ria e o ente publico de lota\u00e7\u00e3o). FEITO NO ATO DO CONTRATO<\/li><li>T\u00cdTULO DE ELEITOR COM COMPROVANTE DE QUITA\u00c7\u00c3O ELEITORAL<\/li><li>COMPROVANTE DE INSCRI\u00c7\u00c3O NO CADASTRO DE PESSOA F\u00cdSICA \u2013 CPF<\/li><li>RG<\/li><li>CERTID\u00c3O DOS FOROS CRIMINAIS (Federal e Estadual), COMPROVANDO N\u00c3O RESPONDER A A\u00c7\u00c3O PENAL EM QUALQUER INSTANCIA JUDICIAL;<\/li><li>CARTEIRA DE TRABALHO \u2013 CTPS<\/li><li>CERTID\u00c3O DE NASCIMENTO DOS FILHOS SE TIVER<\/li><li>UMA FOTOS 3X4 RECENTES<\/li><li>CPF DO PAI OU M\u00c3E (se vivos)<\/li><li>COMPROVANTE DE RESID\u00caNCIA<\/li><li>N\u00daMEROS TELEF\u00d4NICOS PARA CONTATO<\/li><li>LAUDO DE APTID\u00c3O F\u00cdSICA (Fornecido por Cl\u00ednico Geral)<\/li><\/ol>\n\n\n\n<p>Ascom<\/p>\n","protected":false},"excerpt":{"rendered":"<p>A Comiss\u00e3o Organizadora de Realiza\u00e7\u00e3o, Fiscaliza\u00e7\u00e3o e Acompanhamento, nomeada atrav\u00e9s da Portaria n\u00ba 6.026\/2020 de 04 de fevereiro de 2020, do Processo Seletivo Simplificado n\u00ba&hellip; <\/p>\n","protected":false},"author":2,"featured_media":130854,"comment_status":"closed","ping_status":"closed","sticky":false,"template":"","format":"standard","meta":{"sfsi_plus_gutenberg_text_before_share":"","sfsi_plus_gutenberg_show_text_before_share":"","sfsi_plus_gutenberg_icon_type":"","sfsi_plus_gutenberg_icon_alignemt":"","sfsi_plus_gutenburg_max_per_row":"","footnotes":""},"categories":[2],"tags":[],"class_list":["post-154343","post","type-post","status-publish","format-standard","has-post-thumbnail","hentry","category-geral"],"_links":{"self":[{"href":"https:\/\/www.caririemacao.com\/1\/wp-json\/wp\/v2\/posts\/154343","targetHints":{"allow":["GET"]}}],"collection":[{"href":"https:\/\/www.caririemacao.com\/1\/wp-json\/wp\/v2\/posts"}],"about":[{"href":"https:\/\/www.caririemacao.com\/1\/wp-json\/wp\/v2\/types\/post"}],"author":[{"embeddable":true,"href":"https:\/\/www.caririemacao.com\/1\/wp-json\/wp\/v2\/users\/2"}],"replies":[{"embeddable":true,"href":"https:\/\/www.caririemacao.com\/1\/wp-json\/wp\/v2\/comments?post=154343"}],"version-history":[{"count":1,"href":"https:\/\/www.caririemacao.com\/1\/wp-json\/wp\/v2\/posts\/154343\/revisions"}],"predecessor-version":[{"id":154344,"href":"https:\/\/www.caririemacao.com\/1\/wp-json\/wp\/v2\/posts\/154343\/revisions\/154344"}],"wp:featuredmedia":[{"embeddable":true,"href":"https:\/\/www.caririemacao.com\/1\/wp-json\/wp\/v2\/media\/130854"}],"wp:attachment":[{"href":"https:\/\/www.caririemacao.com\/1\/wp-json\/wp\/v2\/media?parent=154343"}],"wp:term":[{"taxonomy":"category","embeddable":true,"href":"https:\/\/www.caririemacao.com\/1\/wp-json\/wp\/v2\/categories?post=154343"},{"taxonomy":"post_tag","embeddable":true,"href":"https:\/\/www.caririemacao.com\/1\/wp-json\/wp\/v2\/tags?post=154343"}],"curies":[{"name":"wp","href":"https:\/\/api.w.org\/{rel}","templated":true}]}}