{"id":154347,"date":"2020-02-20T14:01:53","date_gmt":"2020-02-20T17:01:53","guid":{"rendered":"http:\/\/www.caririemacao.com\/1\/?p=154347"},"modified":"2020-02-20T14:01:55","modified_gmt":"2020-02-20T17:01:55","slug":"vasco-segura-empate-e-avanca-de-fase-na-sul-americana","status":"publish","type":"post","link":"https:\/\/www.caririemacao.com\/1\/2020\/02\/20\/vasco-segura-empate-e-avanca-de-fase-na-sul-americana\/","title":{"rendered":"Vasco segura empate e avan\u00e7a de fase na Sul-Americana"},"content":{"rendered":"\n<p>Com a vit\u00f3ria de 1 a 0 em S\u00e3o Janu\u00e1rio na bagagem, o Vasco conseguiu segurar um empate em 0 a 0 com o Oriente Petrolero nesta quarta-feira (19) \u00e0 noite, em Santa Cruz de La Sierra, na Bol\u00edvia, e avan\u00e7ou para a segunda fase da Copa Sul-Americana.<\/p>\n\n\n\n<p>O time cruzmaltino chegou a carimbar a trave do advers\u00e1rio com Talles Magno e criou boas oportunidades, mas esbarrou no bom goleiro Banegas, do time boliviano. Aos 51 minutos do segundo tempo, no \u00faltimo lance da partida, os vasca\u00ednos ainda sofreram uma bola no travess\u00e3o, para aumentar o drama.<\/p>\n\n\n\n<p>A pr\u00f3xima fase do torneio continental ainda ter\u00e1 os chaveamentos e as datas definidas atrav\u00e9s de sorteio da Conmebol. O Vasco agora dever\u00e1 ter uma semana e meia livre para treinos at\u00e9 seu pr\u00f3ximo compromisso, o confronto com o Resende na abertura da Ta\u00e7a Rio, o segundo turno do Campeonato Carioca.<\/p>\n\n\n\n<p>ORIENTE PETROLERO<br>Banegas, Saucedo, Daniel Franco, Soleto e Carre\u00f1o (Sol\u00edz); Rojas, Pozo, Mercado, Montenegro (Castillo); Oscar Salinas (Zoch) e Marco Bueno. T.: Pablo S\u00e1nchez<\/p>\n\n\n\n<p>VASCO<br>Fernando Miguel; Yago Pikachu, Werley, Leandro Castan e Henrique (Alexandre); Andrey, Raul e Marcos J\u00fanior (Bruno Gomes); Marrony (Ribamar), Germ\u00e1n Cano e Talles Magno. T.: Abel Braga<\/p>\n\n\n\n<p>Est\u00e1dio: Ram\u00f3n Aguilera Costas, Santa Cruz de La Sierra (BOL)<br>\u00c1rbitro: Jos\u00e9 Argote (VEN)<br>Auxiliares: Jorge Urrego (VEN) e Luis Murillo (VEN)<br>Cart\u00f5es amarelos: Andrey, Yago Pikachu e Germ\u00e1n Cano (VAS)<\/p>\n","protected":false},"excerpt":{"rendered":"<p>Com a vit\u00f3ria de 1 a 0 em S\u00e3o Janu\u00e1rio na bagagem, o Vasco conseguiu segurar um empate em 0 a 0 com o Oriente&hellip; <\/p>\n","protected":false},"author":2,"featured_media":154348,"comment_status":"closed","ping_status":"closed","sticky":false,"template":"","format":"standard","meta":{"sfsi_plus_gutenberg_text_before_share":"","sfsi_plus_gutenberg_show_text_before_share":"","sfsi_plus_gutenberg_icon_type":"","sfsi_plus_gutenberg_icon_alignemt":"","sfsi_plus_gutenburg_max_per_row":"","footnotes":""},"categories":[13],"tags":[],"class_list":["post-154347","post","type-post","status-publish","format-standard","has-post-thumbnail","hentry","category-esportes"],"_links":{"self":[{"href":"https:\/\/www.caririemacao.com\/1\/wp-json\/wp\/v2\/posts\/154347","targetHints":{"allow":["GET"]}}],"collection":[{"href":"https:\/\/www.caririemacao.com\/1\/wp-json\/wp\/v2\/posts"}],"about":[{"href":"https:\/\/www.caririemacao.com\/1\/wp-json\/wp\/v2\/types\/post"}],"author":[{"embeddable":true,"href":"https:\/\/www.caririemacao.com\/1\/wp-json\/wp\/v2\/users\/2"}],"replies":[{"embeddable":true,"href":"https:\/\/www.caririemacao.com\/1\/wp-json\/wp\/v2\/comments?post=154347"}],"version-history":[{"count":1,"href":"https:\/\/www.caririemacao.com\/1\/wp-json\/wp\/v2\/posts\/154347\/revisions"}],"predecessor-version":[{"id":154349,"href":"https:\/\/www.caririemacao.com\/1\/wp-json\/wp\/v2\/posts\/154347\/revisions\/154349"}],"wp:featuredmedia":[{"embeddable":true,"href":"https:\/\/www.caririemacao.com\/1\/wp-json\/wp\/v2\/media\/154348"}],"wp:attachment":[{"href":"https:\/\/www.caririemacao.com\/1\/wp-json\/wp\/v2\/media?parent=154347"}],"wp:term":[{"taxonomy":"category","embeddable":true,"href":"https:\/\/www.caririemacao.com\/1\/wp-json\/wp\/v2\/categories?post=154347"},{"taxonomy":"post_tag","embeddable":true,"href":"https:\/\/www.caririemacao.com\/1\/wp-json\/wp\/v2\/tags?post=154347"}],"curies":[{"name":"wp","href":"https:\/\/api.w.org\/{rel}","templated":true}]}}