{"id":154353,"date":"2020-02-20T14:03:06","date_gmt":"2020-02-20T17:03:06","guid":{"rendered":"http:\/\/www.caririemacao.com\/1\/?p=154353"},"modified":"2020-02-20T14:03:07","modified_gmt":"2020-02-20T17:03:07","slug":"paulo-guedes-pede-desculpas-as-empregadas-domesticas","status":"publish","type":"post","link":"https:\/\/www.caririemacao.com\/1\/2020\/02\/20\/paulo-guedes-pede-desculpas-as-empregadas-domesticas\/","title":{"rendered":"Paulo Guedes pede desculpas \u00e0s empregadas dom\u00e9sticas"},"content":{"rendered":"\n<p>Em discurso no Pal\u00e1cio do Planalto nesta quinta-feira (20), o ministro da Economia, Paulo Guedes, pediu desculpas \u00e0s empregadas dom\u00e9sticas.<\/p>\n\n\n\n<p>No dia 13 de fevereiro, ao comentar as sucessivas altas da cota\u00e7\u00e3o do d\u00f3lar, Guedes disse que, na \u00e9poca em que o d\u00f3lar era mais baixo, havia &#8220;empregada dom\u00e9stica indo pra Disneyl\u00e2ndia, uma festa danada&#8221;.<\/p>\n\n\n\n<p>Nesta quinta, Guedes participou do evento de lan\u00e7amento de uma nova linha de cr\u00e9dito imobili\u00e1rio da Caixa Econ\u00f4mica Federal, com taxa de juros fixa. O ministro citou as dom\u00e9sticas ao afirmar que a nova modalidade vai beneficiar as fam\u00edlias mais humildes.<\/p>\n\n\n\n<p>&#8220;E justamente tamb\u00e9m as fam\u00edlias mais humildes, empregadas dom\u00e9sticas, inclusive, a quem eu pe\u00e7o desculpas, se puder ter ofendido, dizendo que a m\u00e3e do meu pai foi uma empregada dom\u00e9stica&#8221;, disse o ministro.<br>Guedes ainda afirmou que a declara\u00e7\u00e3o dele sobre as dom\u00e9sticas viajarem \u00e0 Disney era reflexo de uma pol\u00edtica de pre\u00e7os que estava &#8220;empurrando a popula\u00e7\u00e3o em dire\u00e7\u00e3o equivocadas&#8221;.<\/p>\n\n\n\n<p>De acordo com Guedes, a fala dele sobre dom\u00e9sticas viajarem \u00e0 Disney foi tirada de contexto. No entanto, ap\u00f3s pedir desculpas, o ministro questionou qual o problema de fazer a refer\u00eancia \u00e0s dom\u00e9sticas.<\/p>\n\n\n\n<p>&#8220;Qual o problema de voc\u00ea fazer uma refer\u00eancia como essa? Mostrando que os pre\u00e7os est\u00e3o empurrando a popula\u00e7\u00e3o em dire\u00e7\u00e3o equivocadas. Um Brasil cheio de belezas naturais e as pessoas pensando em n\u00e3o viajar para o Nordeste, para as praias do Nordeste porque estava 50% mais caro ir para o Nordeste brasileiro do que ir para o exterior&#8221;, disse.<\/p>\n","protected":false},"excerpt":{"rendered":"<p>Em discurso no Pal\u00e1cio do Planalto nesta quinta-feira (20), o ministro da Economia, Paulo Guedes, pediu desculpas \u00e0s empregadas dom\u00e9sticas. No dia 13 de fevereiro,&hellip; <\/p>\n","protected":false},"author":2,"featured_media":153661,"comment_status":"closed","ping_status":"closed","sticky":false,"template":"","format":"standard","meta":{"sfsi_plus_gutenberg_text_before_share":"","sfsi_plus_gutenberg_show_text_before_share":"","sfsi_plus_gutenberg_icon_type":"","sfsi_plus_gutenberg_icon_alignemt":"","sfsi_plus_gutenburg_max_per_row":"","footnotes":""},"categories":[11],"tags":[],"class_list":["post-154353","post","type-post","status-publish","format-standard","has-post-thumbnail","hentry","category-politica"],"_links":{"self":[{"href":"https:\/\/www.caririemacao.com\/1\/wp-json\/wp\/v2\/posts\/154353","targetHints":{"allow":["GET"]}}],"collection":[{"href":"https:\/\/www.caririemacao.com\/1\/wp-json\/wp\/v2\/posts"}],"about":[{"href":"https:\/\/www.caririemacao.com\/1\/wp-json\/wp\/v2\/types\/post"}],"author":[{"embeddable":true,"href":"https:\/\/www.caririemacao.com\/1\/wp-json\/wp\/v2\/users\/2"}],"replies":[{"embeddable":true,"href":"https:\/\/www.caririemacao.com\/1\/wp-json\/wp\/v2\/comments?post=154353"}],"version-history":[{"count":1,"href":"https:\/\/www.caririemacao.com\/1\/wp-json\/wp\/v2\/posts\/154353\/revisions"}],"predecessor-version":[{"id":154354,"href":"https:\/\/www.caririemacao.com\/1\/wp-json\/wp\/v2\/posts\/154353\/revisions\/154354"}],"wp:featuredmedia":[{"embeddable":true,"href":"https:\/\/www.caririemacao.com\/1\/wp-json\/wp\/v2\/media\/153661"}],"wp:attachment":[{"href":"https:\/\/www.caririemacao.com\/1\/wp-json\/wp\/v2\/media?parent=154353"}],"wp:term":[{"taxonomy":"category","embeddable":true,"href":"https:\/\/www.caririemacao.com\/1\/wp-json\/wp\/v2\/categories?post=154353"},{"taxonomy":"post_tag","embeddable":true,"href":"https:\/\/www.caririemacao.com\/1\/wp-json\/wp\/v2\/tags?post=154353"}],"curies":[{"name":"wp","href":"https:\/\/api.w.org\/{rel}","templated":true}]}}