{"id":154357,"date":"2020-02-20T14:04:35","date_gmt":"2020-02-20T17:04:35","guid":{"rendered":"http:\/\/www.caririemacao.com\/1\/?p=154357"},"modified":"2020-02-20T14:04:38","modified_gmt":"2020-02-20T17:04:38","slug":"encontro-consciencia-crista-2020-comeca-nesta-quinta-feira-em-campina-grande","status":"publish","type":"post","link":"https:\/\/www.caririemacao.com\/1\/2020\/02\/20\/encontro-consciencia-crista-2020-comeca-nesta-quinta-feira-em-campina-grande\/","title":{"rendered":"Encontro &#8216;Consci\u00eancia Crist\u00e3&#8217; 2020 come\u00e7a nesta quinta-feira em Campina Grande"},"content":{"rendered":"\n<p>O encontro Consci\u00eancia Crist\u00e3 2020 come\u00e7a nesta quinta-feira (20) em Campina Grande. Com o&nbsp;tema da 22\u00aa edi\u00e7\u00e3o,&nbsp;\u201cO Retorno do Rei\u201d, o evento segue at\u00e9 a pr\u00f3xima ter\u00e7a-feira (25).&nbsp;<\/p>\n\n\n\n<p>Ser\u00e3o seis dias de atividades como palestras, minicursos, plen\u00e1rias e semin\u00e1rios.&nbsp;As atividades s\u00e3o voltadas para os p\u00fablicos adulto, jovem e infantil come\u00e7am a partir das 19h do dia 20 de fevereiro.<\/p>\n\n\n\n<p>O evento \u00e9 aberto ao p\u00fablico e tem entrada gratuita, mas para participar de algumas atividades \u00e9 preciso fazer&nbsp;<a href=\"https:\/\/conscienciacrista.org.br\/encontro\/\">uma inscri\u00e7\u00e3o no site do evento<\/a>.&nbsp;<\/p>\n\n\n\n<p>Uma estrutura para o evento&nbsp;foi montada no Parque do Povo, onde acontece a maior parte das atividades.&nbsp;Mas outras a\u00e7\u00f5es tamb\u00e9m acontecem em outros pontos da cidade.<\/p>\n\n\n\n<p><strong>Programa\u00e7\u00e3o da Consci\u00eancia Crist\u00e3 2020<\/strong><\/p>\n\n\n\n<p><strong>Quinta-feira (20)<\/strong><\/p>\n\n\n\n<p>19h \u2013 Plen\u00e1ria de abertura \/ Local: Tabern\u00e1culo<br>Preleitor: Pr. Hernandes Dias Lopes<br>19h \u2013 Consci\u00eancia Crist\u00e3 Kids \/ Local: Pavilh\u00e3o Kids<\/p>\n\n\n\n<p><strong>Sexta-feira (21)<\/strong><\/p>\n\n\n\n<p>14h30 &#8211; Semin\u00e1rio : O crist\u00e3o contra a cultura da corrup\u00e7\u00e3o \/ Local: Tabern\u00e1culo<br>19h &#8211; Plen\u00e1ria \/ Local: Tabern\u00e1culo<br>19h \u2013 Consci\u00eancia Crist\u00e3 Kids \/ Local: Pavilh\u00e3o Kids<\/p>\n\n\n\n<p><strong>S\u00e1bado (22)<\/strong><\/p>\n\n\n\n<p>9h30 \u2013 Plen\u00e1ria \/ Local: Tabern\u00e1culo<br>9h30 \u2013 Consci\u00eancia Crist\u00e3 Kids \/ Local: Pavilh\u00e3o Kids<br>14h30 \u2013 Consci\u00eancia Crist\u00e3 Jovens \/ Local: Teatro Municipal<br>14h30 \u2013 Consci\u00eancia Crist\u00e3 Kids \/ Local: Pavilh\u00e3o Kids<\/p>\n\n\n\n<p>Painel Escatol\u00f3gico &#8211; Vis\u00f5es sobre o Mil\u00eanio \/ Local: Tabern\u00e1culo<\/p>\n\n\n\n<p>19h &#8211; Plen\u00e1ria \/ Local: Tabern\u00e1culo<br>19h \u2013 Consci\u00eancia Crist\u00e3 Kids \/ Local: Pavilh\u00e3o Kids<br>19h \u2013 Consci\u00eancia Crist\u00e3 Teen \/ Local: Teatro Municipal<\/p>\n\n\n\n<p><strong>Domingo (23)<\/strong><\/p>\n\n\n\n<p>9h30 &#8211; Plen\u00e1ria \/ Local: Tabern\u00e1culo<br>9h30 &#8211; Minicurso o Dil\u00favio: Fato ou mito? \/ Local: Presbiteriana Central<br>9h30 &#8211; Minicurso sobre Escatologia B\u00edblica \/ Local: : Teatro Municipal<br>9h30 &#8211; Semin\u00e1rio a Igreja na era Digital \/ Local: Audit\u00f3rio Intercity<br>9h30 &#8211; Consci\u00eancia Crist\u00e3 Kids \/ Local: Pavilh\u00e3o Kids<br>14h30 &#8211; Consci\u00eancia Crist\u00e3 Pastores e L\u00edderes \/<br>14h30 &#8211; Encontro de Cientistas Crist\u00e3os \/ Local: Presbiteriana Renascer<br>14h30 &#8211; Minicurso &#8211; Os Atributos de Deus \/ Local: B\u00edblica Semear<br>14h30 &#8211; Minicurso &#8211; Capacita\u00e7\u00e3o Professores EBD \/<br>14h30 &#8211; Minicurso &#8211; O Crist\u00e3o e a Cultura \/ Local: Clube da Bolsa<br>14h30 &#8211; Consci\u00eancia Crist\u00e3 Jovens \/ Local: Teatro Municipal<br>14h30 &#8211; Consci\u00eancia Crist\u00e3 Mulheres \/ Local: Congregacional 13 Maio<br>14h30 &#8211; Consci\u00eancia Crist\u00e3 Kids \/ Local: Pavilh\u00e3o Kids<br>14h30 &#8211; Semin\u00e1rio &#8211; Qual a Miss\u00e3o da Igreja? \/ Local: Congregacional Canal<br>14h30 &#8211; Semin\u00e1rio \u2013 Semin\u00e1rio: Pureza na Esperan\u00e7a \/ Local: Congregacional Calv\u00e1rio<br>14h30 &#8211; Semin\u00e1rio &#8211; Vivendo sua Esperan\u00e7a \/ Local: Audit\u00f3rio do Museu Vivo<br>14h30 &#8211; Semin\u00e1rio &#8211; Vida Crist\u00e3 e Discipulado \/ Centro da Jovem<br>14h30 &#8211; Semin\u00e1rio &#8211; O Crist\u00e3o e a Pol\u00edtica \/ 1\u00aa Igreja Batista<br>14h30 &#8211; Semin\u00e1rio &#8211; Ci\u00eancias B\u00edblicas da SBB \/ Centro Cultural<br>14h30 &#8211; Semin\u00e1rio &#8211; Direito Religioso \/ Teatro Rosil Cavalcante<br>14h30 &#8211; F\u00f3rum Campinense para uma Fam\u00edlia Sadia \/ Centro Cultural<br>19h &#8211; Plen\u00e1ria \/ Tabern\u00e1culo<br>19h &#8211; Consci\u00eancia Crist\u00e3 Teen \/ Teatro Municipal<br>19h &#8211; Consci\u00eancia Crist\u00e3 Kids \/ Pavilh\u00e3o Kids<\/p>\n\n\n\n<p><strong>Segunda-feira (24)<\/strong><\/p>\n\n\n\n<p>9h30 &#8211; Plen\u00e1ria \/ Local: Tabern\u00e1culo<br>9h30 &#8211; Minicurso o Dil\u00favio: Fato ou mito? \/ Local: Presbiteriana Central<br>9h30 &#8211; Minicurso sobre Escatologia B\u00edblica \/ Local: : Teatro Municipal<br>9h30 &#8211; Semin\u00e1rio a Igreja na era Digital \/ Local: Audit\u00f3rio Intercity<br>9h30 &#8211; Consci\u00eancia Crist\u00e3 Kids \/ Local: Pavilh\u00e3o Kids<br>14h30 &#8211; Consci\u00eancia Crist\u00e3 Pastores e L\u00edderes \/<br>14h30 &#8211; Encontro de Cientistas Crist\u00e3os \/ Local: Presbiteriana Renascer<br>14h30 &#8211; Minicurso &#8211; Os Atributos de Deus \/ Local: B\u00edblica Semear<br>14h30 &#8211; Minicurso &#8211; Capacita\u00e7\u00e3o Professores EBD \/<br>14h30 &#8211; Minicurso &#8211; O Crist\u00e3o e a Cultura \/ Local: Clube da Bolsa<br>14h30 &#8211; Consci\u00eancia Crist\u00e3 Jovens \/ Local: Teatro Municipal<br>14h30 &#8211; Consci\u00eancia Crist\u00e3 Mulheres \/ Local: Congregacional 13 Maio<br>14h30 &#8211; Consci\u00eancia Crist\u00e3 Kids \/ Local: Pavilh\u00e3o Kids<br>14h30 &#8211; Semin\u00e1rio &#8211; Qual a Miss\u00e3o da Igreja? \/ Local: Congregacional Canal<br>14h30 &#8211; Semin\u00e1rio \u2013 Semin\u00e1rio: Pureza na Esperan\u00e7a \/ Local: Congregacional Calv\u00e1rio<br>14h30 &#8211; Semin\u00e1rio &#8211; Vivendo sua Esperan\u00e7a \/ Local: Audit\u00f3rio do Museu Vivo<br>14h30 &#8211; Semin\u00e1rio &#8211; Vida Crist\u00e3 e Discipulado \/ Centro da Jovem<br>14h30 &#8211; Semin\u00e1rio &#8211; O Crist\u00e3o e a Pol\u00edtica \/ 1\u00aa Igreja Batista<br>14h30 &#8211; Semin\u00e1rio &#8211; Ci\u00eancias B\u00edblicas da SBB \/ Centro Cultural<br>14h30 &#8211; Semin\u00e1rio &#8211; Direito Religioso \/ Teatro Rosil Cavalcante<br>14h30 &#8211; F\u00f3rum Campinense para uma Fam\u00edlia Sadia \/ Centro Cultural<br>19h &#8211; Plen\u00e1ria \/ Tabern\u00e1culo<br>19h &#8211; Consci\u00eancia Crist\u00e3 Teen \/ Teatro Municipal<br>19h &#8211; Consci\u00eancia Crist\u00e3 Kids \/ Pavilh\u00e3o Kids<\/p>\n\n\n\n<p><strong>Ter\u00e7a-feira (25)<\/strong><\/p>\n\n\n\n<p>9h30 &#8211; Plen\u00e1ria \/ Local: Tabern\u00e1culo<br>9h30 &#8211; Minicurso o Dil\u00favio: Fato ou mito? \/ Local: Presbiteriana Central<br>9h30 &#8211; Minicurso sobre Escatologia B\u00edblica \/ Local: : Teatro Municipal<br>9h30 &#8211; Semin\u00e1rio a Igreja na era Digital \/ Local: Audit\u00f3rio Intercity<br>9h30 &#8211; Consci\u00eancia Crist\u00e3 Kids \/ Local: Pavilh\u00e3o Kids<br>14h30 &#8211; Consci\u00eancia Crist\u00e3 Pastores e L\u00edderes \/<br>14h30 &#8211; Encontro de Cientistas Crist\u00e3os \/ Local: Presbiteriana Renascer<br>14h30 &#8211; Minicurso &#8211; Os Atributos de Deus \/ Local: B\u00edblica Semear<br>14h30 &#8211; Minicurso &#8211; Capacita\u00e7\u00e3o Professores EBD \/<br>14h30 &#8211; Minicurso &#8211; O Crist\u00e3o e a Cultura \/ Local: Clube da Bolsa<br>14h30 &#8211; Consci\u00eancia Crist\u00e3 Jovens \/ Local: Teatro Municipal<br>14h30 &#8211; Consci\u00eancia Crist\u00e3 Mulheres \/ Local: Congregacional 13 Maio<br>14h30 &#8211; Consci\u00eancia Crist\u00e3 Kids \/ Local: Pavilh\u00e3o Kids<br>14h30 &#8211; Semin\u00e1rio &#8211; Qual a Miss\u00e3o da Igreja? \/ Local: Congregacional Canal<br>14h30 &#8211; Semin\u00e1rio \u2013 Semin\u00e1rio: Pureza na Esperan\u00e7a \/ Local: Congregacional Calv\u00e1rio<br>14h30 &#8211; Semin\u00e1rio &#8211; Vivendo sua Esperan\u00e7a \/ Local: Audit\u00f3rio do Museu Vivo<br>14h30 &#8211; Semin\u00e1rio &#8211; Vida Crist\u00e3 e Discipulado \/ Centro da Jovem<br>14h30 &#8211; Semin\u00e1rio &#8211; O Crist\u00e3o e a Pol\u00edtica \/ 1\u00aa Igreja Batista<br>14h30 &#8211; Semin\u00e1rio &#8211; Ci\u00eancias B\u00edblicas da SBB \/ Centro Cultural<br>14h30 &#8211; Semin\u00e1rio &#8211; Direito Religioso \/ Teatro Rosil Cavalcante<br>14h30 &#8211; F\u00f3rum Campinense para uma Fam\u00edlia Sadia \/ Centro Cultural<br>19h &#8211; Plen\u00e1ria \/ Tabern\u00e1culo<br>19h &#8211; Consci\u00eancia Crist\u00e3 Teen \/ Teatro Municipal<br>19h &#8211; Consci\u00eancia Crist\u00e3 Kids \/ Pavilh\u00e3o Kids<\/p>\n","protected":false},"excerpt":{"rendered":"<p>O encontro Consci\u00eancia Crist\u00e3 2020 come\u00e7a nesta quinta-feira (20) em Campina Grande. Com o&nbsp;tema da 22\u00aa edi\u00e7\u00e3o,&nbsp;\u201cO Retorno do Rei\u201d, o evento segue at\u00e9 a&hellip; <\/p>\n","protected":false},"author":2,"featured_media":154358,"comment_status":"closed","ping_status":"closed","sticky":false,"template":"","format":"standard","meta":{"sfsi_plus_gutenberg_text_before_share":"","sfsi_plus_gutenberg_show_text_before_share":"","sfsi_plus_gutenberg_icon_type":"","sfsi_plus_gutenberg_icon_alignemt":"","sfsi_plus_gutenburg_max_per_row":"","footnotes":""},"categories":[2],"tags":[],"class_list":["post-154357","post","type-post","status-publish","format-standard","has-post-thumbnail","hentry","category-geral"],"_links":{"self":[{"href":"https:\/\/www.caririemacao.com\/1\/wp-json\/wp\/v2\/posts\/154357","targetHints":{"allow":["GET"]}}],"collection":[{"href":"https:\/\/www.caririemacao.com\/1\/wp-json\/wp\/v2\/posts"}],"about":[{"href":"https:\/\/www.caririemacao.com\/1\/wp-json\/wp\/v2\/types\/post"}],"author":[{"embeddable":true,"href":"https:\/\/www.caririemacao.com\/1\/wp-json\/wp\/v2\/users\/2"}],"replies":[{"embeddable":true,"href":"https:\/\/www.caririemacao.com\/1\/wp-json\/wp\/v2\/comments?post=154357"}],"version-history":[{"count":1,"href":"https:\/\/www.caririemacao.com\/1\/wp-json\/wp\/v2\/posts\/154357\/revisions"}],"predecessor-version":[{"id":154359,"href":"https:\/\/www.caririemacao.com\/1\/wp-json\/wp\/v2\/posts\/154357\/revisions\/154359"}],"wp:featuredmedia":[{"embeddable":true,"href":"https:\/\/www.caririemacao.com\/1\/wp-json\/wp\/v2\/media\/154358"}],"wp:attachment":[{"href":"https:\/\/www.caririemacao.com\/1\/wp-json\/wp\/v2\/media?parent=154357"}],"wp:term":[{"taxonomy":"category","embeddable":true,"href":"https:\/\/www.caririemacao.com\/1\/wp-json\/wp\/v2\/categories?post=154357"},{"taxonomy":"post_tag","embeddable":true,"href":"https:\/\/www.caririemacao.com\/1\/wp-json\/wp\/v2\/tags?post=154357"}],"curies":[{"name":"wp","href":"https:\/\/api.w.org\/{rel}","templated":true}]}}