{"id":154362,"date":"2020-02-20T14:12:48","date_gmt":"2020-02-20T17:12:48","guid":{"rendered":"http:\/\/www.caririemacao.com\/1\/?p=154362"},"modified":"2020-02-20T14:12:50","modified_gmt":"2020-02-20T17:12:50","slug":"dez-municipios-paraibanos-aderiram-ao-programa-crianca-feliz-em-janeiro","status":"publish","type":"post","link":"https:\/\/www.caririemacao.com\/1\/2020\/02\/20\/dez-municipios-paraibanos-aderiram-ao-programa-crianca-feliz-em-janeiro\/","title":{"rendered":"Dez munic\u00edpios paraibanos aderiram ao programa Crian\u00e7a Feliz em janeiro"},"content":{"rendered":"\n<p>Dez munic\u00edpios paraibanos aderiram ao Programa Crian\u00e7a Feliz\/Primeira Inf\u00e2ncia no \u00faltimo m\u00eas de janeiro, conforme portaria publicada no Di\u00e1rio Oficial da Uni\u00e3o dessa quarta-feira (19).<\/p>\n\n\n\n<p>Entraram no programa os munic\u00edpios de Cabaceiras, Cajazeirinhas, Lagoa Seca, Pedras de Fogo, Pedro R\u00e9gis, Riach\u00e3o de Bacamarte, S\u00e3o Bentinho, S\u00e3o Mamede, Soss\u00eago e Vieir\u00f3polis.<\/p>\n\n\n\n<figure class=\"wp-block-image\"><img decoding=\"async\" data-src=\"https:\/\/www.clickpb.com.br\/media\/filer_public\/56\/7e\/567eabf0-3db1-43f1-9c26-235c08345926\/screenshot_2020-02-20_portaria_no_4_de_18_de_fevereiro_de_2020_-_portaria_no_4_de_18_de_fevereiro_de_2020_-_dou_-_imprens1.png\" alt=\"\" src=\"data:image\/svg+xml;base64,PHN2ZyB3aWR0aD0iMSIgaGVpZ2h0PSIxIiB4bWxucz0iaHR0cDovL3d3dy53My5vcmcvMjAwMC9zdmciPjwvc3ZnPg==\" class=\"lazyload\" \/><\/figure>\n\n\n\n<figure class=\"wp-block-image\"><img decoding=\"async\" data-src=\"https:\/\/www.clickpb.com.br\/media\/filer_public\/d9\/fe\/d9feff5f-f4c5-4d4e-989a-cc442a2d1afa\/screenshot_2020-02-20_portaria_no_4_de_18_de_fevereiro_de_2020_-_portaria_no_4_de_18_de_fevereiro_de_2020_-_dou_-_imprens.png\" alt=\"\" src=\"data:image\/svg+xml;base64,PHN2ZyB3aWR0aD0iMSIgaGVpZ2h0PSIxIiB4bWxucz0iaHR0cDovL3d3dy53My5vcmcvMjAwMC9zdmciPjwvc3ZnPg==\" class=\"lazyload\" \/><\/figure>\n","protected":false},"excerpt":{"rendered":"<p>Dez munic\u00edpios paraibanos aderiram ao Programa Crian\u00e7a Feliz\/Primeira Inf\u00e2ncia no \u00faltimo m\u00eas de janeiro, conforme portaria publicada no Di\u00e1rio Oficial da Uni\u00e3o dessa quarta-feira (19).&hellip; <\/p>\n","protected":false},"author":2,"featured_media":154363,"comment_status":"closed","ping_status":"closed","sticky":false,"template":"","format":"standard","meta":{"sfsi_plus_gutenberg_text_before_share":"","sfsi_plus_gutenberg_show_text_before_share":"","sfsi_plus_gutenberg_icon_type":"","sfsi_plus_gutenberg_icon_alignemt":"","sfsi_plus_gutenburg_max_per_row":"","footnotes":""},"categories":[6],"tags":[],"class_list":["post-154362","post","type-post","status-publish","format-standard","has-post-thumbnail","hentry","category-cidades"],"_links":{"self":[{"href":"https:\/\/www.caririemacao.com\/1\/wp-json\/wp\/v2\/posts\/154362","targetHints":{"allow":["GET"]}}],"collection":[{"href":"https:\/\/www.caririemacao.com\/1\/wp-json\/wp\/v2\/posts"}],"about":[{"href":"https:\/\/www.caririemacao.com\/1\/wp-json\/wp\/v2\/types\/post"}],"author":[{"embeddable":true,"href":"https:\/\/www.caririemacao.com\/1\/wp-json\/wp\/v2\/users\/2"}],"replies":[{"embeddable":true,"href":"https:\/\/www.caririemacao.com\/1\/wp-json\/wp\/v2\/comments?post=154362"}],"version-history":[{"count":1,"href":"https:\/\/www.caririemacao.com\/1\/wp-json\/wp\/v2\/posts\/154362\/revisions"}],"predecessor-version":[{"id":154364,"href":"https:\/\/www.caririemacao.com\/1\/wp-json\/wp\/v2\/posts\/154362\/revisions\/154364"}],"wp:featuredmedia":[{"embeddable":true,"href":"https:\/\/www.caririemacao.com\/1\/wp-json\/wp\/v2\/media\/154363"}],"wp:attachment":[{"href":"https:\/\/www.caririemacao.com\/1\/wp-json\/wp\/v2\/media?parent=154362"}],"wp:term":[{"taxonomy":"category","embeddable":true,"href":"https:\/\/www.caririemacao.com\/1\/wp-json\/wp\/v2\/categories?post=154362"},{"taxonomy":"post_tag","embeddable":true,"href":"https:\/\/www.caririemacao.com\/1\/wp-json\/wp\/v2\/tags?post=154362"}],"curies":[{"name":"wp","href":"https:\/\/api.w.org\/{rel}","templated":true}]}}