{"id":154373,"date":"2020-02-20T18:29:32","date_gmt":"2020-02-20T21:29:32","guid":{"rendered":"http:\/\/www.caririemacao.com\/1\/?p=154373"},"modified":"2020-02-20T18:29:34","modified_gmt":"2020-02-20T21:29:34","slug":"ministra-do-stj-concede-habeas-corpus-e-manda-soltar-irmao-de-ricardo-coutinho","status":"publish","type":"post","link":"https:\/\/www.caririemacao.com\/1\/2020\/02\/20\/ministra-do-stj-concede-habeas-corpus-e-manda-soltar-irmao-de-ricardo-coutinho\/","title":{"rendered":"Ministra do STJ concede habeas corpus e manda soltar irm\u00e3o de Ricardo Coutinho"},"content":{"rendered":"\n<p>A ministra Laurita Vaz, do Superior Tribunal de Justi\u00e7a (STJ) concedeu habeas corpus a Coriolano Coutinho, irm\u00e3o do ex-governador Ricardo Coutinho, na tarde desta quinta-feira (20). A decis\u00e3o foi publicada no sistema do STJ.<\/p>\n\n\n\n<p>Com a decis\u00e3o de Laurita Vaz, Coriolano dever\u00e1 ser solto em breve. Ele estava detido na Penitenci\u00e1ria de Seguran\u00e7a M\u00e9dia Hitler Cantalice, localizada em Mangabeira, Jo\u00e3o Pessoa, desde a sua pris\u00e3o, no m\u00eas de dezembro.<\/p>\n\n\n\n<p>Na \u00faltima ter\u00e7a-feira (18) a Sexta Turma do STJ decidiu negar um recurso contra o pedido de habeas corpus concedido ao ex-governador Ricardo Coutinho. Os ministros decidiram manter Ricardo Coutinho em liberdade e impor medidas cautelares ao ex-governador.<\/p>\n\n\n\n<p>Na oportunidade, por maioria de quatro votos a um, os ministros conclu\u00edram que o decreto de pris\u00e3o, do final do ano passado, n\u00e3o demonstra, de maneira categ\u00f3rica, de que forma Coutinho, atualmente, agiria no esquema criminoso, tendo em vista que n\u00e3o exerce mais o cargo p\u00fablico de governador do estado da Para\u00edba. Sendo assim, ele poder\u00e1 aguardar o processo em liberdade.<\/p>\n\n\n\n<p>Depois que Ricardo Coutinho foi mantido em liberdade, outros investigados na Opera\u00e7\u00e3o Calv\u00e1rio, incluindo Coriolano Coutinho, pediram que a decis\u00e3o relativa ao habeas corpus do ex-governador fosse estendida a eles, garantindo liberdade a todos.<\/p>\n\n\n\n<p><em>Click PB<\/em><\/p>\n","protected":false},"excerpt":{"rendered":"<p>A ministra Laurita Vaz, do Superior Tribunal de Justi\u00e7a (STJ) concedeu habeas corpus a Coriolano Coutinho, irm\u00e3o do ex-governador Ricardo Coutinho, na tarde desta quinta-feira&hellip; <\/p>\n","protected":false},"author":2,"featured_media":154374,"comment_status":"closed","ping_status":"closed","sticky":false,"template":"","format":"standard","meta":{"sfsi_plus_gutenberg_text_before_share":"","sfsi_plus_gutenberg_show_text_before_share":"","sfsi_plus_gutenberg_icon_type":"","sfsi_plus_gutenberg_icon_alignemt":"","sfsi_plus_gutenburg_max_per_row":"","footnotes":""},"categories":[11],"tags":[],"class_list":["post-154373","post","type-post","status-publish","format-standard","has-post-thumbnail","hentry","category-politica"],"_links":{"self":[{"href":"https:\/\/www.caririemacao.com\/1\/wp-json\/wp\/v2\/posts\/154373","targetHints":{"allow":["GET"]}}],"collection":[{"href":"https:\/\/www.caririemacao.com\/1\/wp-json\/wp\/v2\/posts"}],"about":[{"href":"https:\/\/www.caririemacao.com\/1\/wp-json\/wp\/v2\/types\/post"}],"author":[{"embeddable":true,"href":"https:\/\/www.caririemacao.com\/1\/wp-json\/wp\/v2\/users\/2"}],"replies":[{"embeddable":true,"href":"https:\/\/www.caririemacao.com\/1\/wp-json\/wp\/v2\/comments?post=154373"}],"version-history":[{"count":1,"href":"https:\/\/www.caririemacao.com\/1\/wp-json\/wp\/v2\/posts\/154373\/revisions"}],"predecessor-version":[{"id":154375,"href":"https:\/\/www.caririemacao.com\/1\/wp-json\/wp\/v2\/posts\/154373\/revisions\/154375"}],"wp:featuredmedia":[{"embeddable":true,"href":"https:\/\/www.caririemacao.com\/1\/wp-json\/wp\/v2\/media\/154374"}],"wp:attachment":[{"href":"https:\/\/www.caririemacao.com\/1\/wp-json\/wp\/v2\/media?parent=154373"}],"wp:term":[{"taxonomy":"category","embeddable":true,"href":"https:\/\/www.caririemacao.com\/1\/wp-json\/wp\/v2\/categories?post=154373"},{"taxonomy":"post_tag","embeddable":true,"href":"https:\/\/www.caririemacao.com\/1\/wp-json\/wp\/v2\/tags?post=154373"}],"curies":[{"name":"wp","href":"https:\/\/api.w.org\/{rel}","templated":true}]}}