{"id":154381,"date":"2020-02-20T20:11:03","date_gmt":"2020-02-20T23:11:03","guid":{"rendered":"http:\/\/www.caririemacao.com\/1\/?p=154381"},"modified":"2020-02-20T20:12:30","modified_gmt":"2020-02-20T23:12:30","slug":"homem-e-encontrado-morto-em-monteiro-2","status":"publish","type":"post","link":"https:\/\/www.caririemacao.com\/1\/2020\/02\/20\/homem-e-encontrado-morto-em-monteiro-2\/","title":{"rendered":"Homem \u00e9 encontrado morto em Monteiro"},"content":{"rendered":"\n<p>Por volta das 16h25min uma guarni\u00e7\u00e3o da Pol\u00edcia Militar encontrava-se fazendo rondas no bairro Alto da Serra, quando foi solicitado por um popular, que informou que em uma resid\u00eancia tinha um homem ca\u00eddo.<\/p>\n\n\n\n<p>A guarni\u00e7\u00e3o foi ao local e constatou que o homem chamado Euzeli Geraldo Medeiros da Silva &#8211; (32) anos de idade estava sem vida.<\/p>\n\n\n\n<p>Foi isolado o local e solicitado a presen\u00e7a da pol\u00edcia civil para as provid\u00eancias. At\u00e9 o momento n\u00e3o foi informado a causa da morte.<\/p>\n","protected":false},"excerpt":{"rendered":"<p>Por volta das 16h25min uma guarni\u00e7\u00e3o da Pol\u00edcia Militar encontrava-se fazendo rondas no bairro Alto da Serra, quando foi solicitado por um popular, que informou&hellip; <\/p>\n","protected":false},"author":1,"featured_media":154385,"comment_status":"closed","ping_status":"closed","sticky":false,"template":"","format":"standard","meta":{"sfsi_plus_gutenberg_text_before_share":"","sfsi_plus_gutenberg_show_text_before_share":"","sfsi_plus_gutenberg_icon_type":"","sfsi_plus_gutenberg_icon_alignemt":"","sfsi_plus_gutenburg_max_per_row":"","footnotes":""},"categories":[50,12],"tags":[],"class_list":["post-154381","post","type-post","status-publish","format-standard","has-post-thumbnail","hentry","category-destaque","category-policia"],"_links":{"self":[{"href":"https:\/\/www.caririemacao.com\/1\/wp-json\/wp\/v2\/posts\/154381","targetHints":{"allow":["GET"]}}],"collection":[{"href":"https:\/\/www.caririemacao.com\/1\/wp-json\/wp\/v2\/posts"}],"about":[{"href":"https:\/\/www.caririemacao.com\/1\/wp-json\/wp\/v2\/types\/post"}],"author":[{"embeddable":true,"href":"https:\/\/www.caririemacao.com\/1\/wp-json\/wp\/v2\/users\/1"}],"replies":[{"embeddable":true,"href":"https:\/\/www.caririemacao.com\/1\/wp-json\/wp\/v2\/comments?post=154381"}],"version-history":[{"count":1,"href":"https:\/\/www.caririemacao.com\/1\/wp-json\/wp\/v2\/posts\/154381\/revisions"}],"predecessor-version":[{"id":154383,"href":"https:\/\/www.caririemacao.com\/1\/wp-json\/wp\/v2\/posts\/154381\/revisions\/154383"}],"wp:featuredmedia":[{"embeddable":true,"href":"https:\/\/www.caririemacao.com\/1\/wp-json\/wp\/v2\/media\/154385"}],"wp:attachment":[{"href":"https:\/\/www.caririemacao.com\/1\/wp-json\/wp\/v2\/media?parent=154381"}],"wp:term":[{"taxonomy":"category","embeddable":true,"href":"https:\/\/www.caririemacao.com\/1\/wp-json\/wp\/v2\/categories?post=154381"},{"taxonomy":"post_tag","embeddable":true,"href":"https:\/\/www.caririemacao.com\/1\/wp-json\/wp\/v2\/tags?post=154381"}],"curies":[{"name":"wp","href":"https:\/\/api.w.org\/{rel}","templated":true}]}}