{"id":154386,"date":"2020-02-21T03:36:01","date_gmt":"2020-02-21T06:36:01","guid":{"rendered":"http:\/\/www.caririemacao.com\/1\/?p=154386"},"modified":"2020-02-21T09:17:02","modified_gmt":"2020-02-21T12:17:02","slug":"prefeitura-de-monteiro-promove-baile-de-carnaval-do-servico-de-convivencia-dos-idosos","status":"publish","type":"post","link":"https:\/\/www.caririemacao.com\/1\/2020\/02\/21\/prefeitura-de-monteiro-promove-baile-de-carnaval-do-servico-de-convivencia-dos-idosos\/","title":{"rendered":"4\u00b0 Baile de Carnaval do SCFV \u00e9 realizado em Monteiro"},"content":{"rendered":"\n<p>O 4\u00ba &#8220;Baile do Servi\u00e7o de Conviv\u00eancia e Fortalecimento de V\u00ednculos (SCFV), organizado pela Prefeitura de Monteiro, atrav\u00e9s da Secretaria de Assist\u00eancia Social, foi realizado na noite desta quinta-feira, dia 20, na Pra\u00e7a Jo\u00e3o Pessoa, na cidade de Monteiro-PB. <\/p>\n\n\n\n<p>O evento contou com a participa\u00e7\u00e3o da banda tocando as tradicionais marchinhas de Carnaval e a participa\u00e7\u00e3o especial dos idosos que fazem parte do SCFV, de familiares desses idosos e dos organizadores e parceiros.  <\/p>\n\n\n\n<figure class=\"wp-block-image size-large\"><img fetchpriority=\"high\" decoding=\"async\" width=\"720\" height=\"480\" src=\"http:\/\/www.caririemacao.com\/1\/wp-content\/uploads\/2020\/02\/FB_IMG_1582266833125.jpg\" alt=\"\" class=\"wp-image-154396\" srcset=\"https:\/\/www.caririemacao.com\/1\/wp-content\/uploads\/2020\/02\/FB_IMG_1582266833125.jpg 720w, https:\/\/www.caririemacao.com\/1\/wp-content\/uploads\/2020\/02\/FB_IMG_1582266833125-300x200.jpg 300w\" sizes=\"(max-width: 720px) 100vw, 720px\" \/><\/figure>\n\n\n\n<p>O baile contou ainda com a presen\u00e7a da prefeita Anna Lorena, da secret\u00e1ria de Assist\u00eancia Social, Rosa Aleixo, e de v\u00e1rias pessoas que foram prestigiar mais um ano desse evento que j\u00e1 virou tradi\u00e7\u00e3o para os idosos monteirenses. <\/p>\n\n\n\n<figure class=\"wp-block-image size-large\"><img decoding=\"async\" width=\"720\" height=\"480\" data-src=\"http:\/\/www.caririemacao.com\/1\/wp-content\/uploads\/2020\/02\/FB_IMG_1582265847436.jpg\" alt=\"\" class=\"wp-image-154392 lazyload\" data-srcset=\"https:\/\/www.caririemacao.com\/1\/wp-content\/uploads\/2020\/02\/FB_IMG_1582265847436.jpg 720w, https:\/\/www.caririemacao.com\/1\/wp-content\/uploads\/2020\/02\/FB_IMG_1582265847436-300x200.jpg 300w\" data-sizes=\"(max-width: 720px) 100vw, 720px\" src=\"data:image\/svg+xml;base64,PHN2ZyB3aWR0aD0iMSIgaGVpZ2h0PSIxIiB4bWxucz0iaHR0cDovL3d3dy53My5vcmcvMjAwMC9zdmciPjwvc3ZnPg==\" style=\"--smush-placeholder-width: 720px; --smush-placeholder-aspect-ratio: 720\/480;\" \/><\/figure>\n\n\n\n<p>A secret\u00e1ria Rosa destacou que a Prefeitura fez o convite para todos participarem do evento que teve como objetivo a inclus\u00e3o, a divers\u00e3o e o bem estar dos idosos monteirenses. <\/p>\n\n\n\n<figure class=\"wp-block-image size-large\"><img decoding=\"async\" width=\"720\" height=\"480\" data-src=\"http:\/\/www.caririemacao.com\/1\/wp-content\/uploads\/2020\/02\/FB_IMG_1582266825644.jpg\" alt=\"\" class=\"wp-image-154395 lazyload\" data-srcset=\"https:\/\/www.caririemacao.com\/1\/wp-content\/uploads\/2020\/02\/FB_IMG_1582266825644.jpg 720w, https:\/\/www.caririemacao.com\/1\/wp-content\/uploads\/2020\/02\/FB_IMG_1582266825644-300x200.jpg 300w\" data-sizes=\"(max-width: 720px) 100vw, 720px\" src=\"data:image\/svg+xml;base64,PHN2ZyB3aWR0aD0iMSIgaGVpZ2h0PSIxIiB4bWxucz0iaHR0cDovL3d3dy53My5vcmcvMjAwMC9zdmciPjwvc3ZnPg==\" style=\"--smush-placeholder-width: 720px; --smush-placeholder-aspect-ratio: 720\/480;\" \/><\/figure>\n\n\n\n<p>&#8220;\u00c9 o 4\u00ba ano do Baile do Servi\u00e7o de Conviv\u00eancia dos nossos idosos, nossas crian\u00e7as, e a gente fica muito feliz pelo servi\u00e7o de acolhimento, s\u00e3o exemplos de vida que a gente v\u00ea aqui, como uma cadeirante que sempre participa,com uma alegria contagiante. A gente fica feliz em saber que estamos no rumo certo. \u00c9 isso que tentamos proporcionar, bem estar, alegria, socializa\u00e7\u00e3o, inclus\u00e3o. Queremos dar qualidade de vida \u00e0 eles, nosso objetivo \u00e9 esse&#8221; declarou a prefeita Ana Lorena. <\/p>\n\n\n\n<figure class=\"wp-block-image size-large\"><img decoding=\"async\" width=\"720\" height=\"480\" data-src=\"http:\/\/www.caririemacao.com\/1\/wp-content\/uploads\/2020\/02\/FB_IMG_1582263122686.jpg\" alt=\"\" class=\"wp-image-154388 lazyload\" data-srcset=\"https:\/\/www.caririemacao.com\/1\/wp-content\/uploads\/2020\/02\/FB_IMG_1582263122686.jpg 720w, https:\/\/www.caririemacao.com\/1\/wp-content\/uploads\/2020\/02\/FB_IMG_1582263122686-300x200.jpg 300w\" data-sizes=\"(max-width: 720px) 100vw, 720px\" src=\"data:image\/svg+xml;base64,PHN2ZyB3aWR0aD0iMSIgaGVpZ2h0PSIxIiB4bWxucz0iaHR0cDovL3d3dy53My5vcmcvMjAwMC9zdmciPjwvc3ZnPg==\" style=\"--smush-placeholder-width: 720px; --smush-placeholder-aspect-ratio: 720\/480;\" \/><\/figure>\n\n\n\n<figure class=\"wp-block-image size-large\"><img decoding=\"async\" width=\"720\" height=\"480\" data-src=\"http:\/\/www.caririemacao.com\/1\/wp-content\/uploads\/2020\/02\/FB_IMG_1582263067191.jpg\" alt=\"\" class=\"wp-image-154387 lazyload\" data-srcset=\"https:\/\/www.caririemacao.com\/1\/wp-content\/uploads\/2020\/02\/FB_IMG_1582263067191.jpg 720w, https:\/\/www.caririemacao.com\/1\/wp-content\/uploads\/2020\/02\/FB_IMG_1582263067191-300x200.jpg 300w\" data-sizes=\"(max-width: 720px) 100vw, 720px\" src=\"data:image\/svg+xml;base64,PHN2ZyB3aWR0aD0iMSIgaGVpZ2h0PSIxIiB4bWxucz0iaHR0cDovL3d3dy53My5vcmcvMjAwMC9zdmciPjwvc3ZnPg==\" style=\"--smush-placeholder-width: 720px; --smush-placeholder-aspect-ratio: 720\/480;\" \/><\/figure>\n\n\n\n<p>A homenageada da noite foi dona Eunice Martins, conhecida por todos por sempre estar a frente do evento e tamb\u00e9m por sua alegria que era contagiante. <\/p>\n\n\n\n<figure class=\"wp-block-image size-large\"><img decoding=\"async\" width=\"720\" height=\"480\" data-src=\"http:\/\/www.caririemacao.com\/1\/wp-content\/uploads\/2020\/02\/FB_IMG_1582265729712.jpg\" alt=\"\" class=\"wp-image-154393 lazyload\" data-srcset=\"https:\/\/www.caririemacao.com\/1\/wp-content\/uploads\/2020\/02\/FB_IMG_1582265729712.jpg 720w, https:\/\/www.caririemacao.com\/1\/wp-content\/uploads\/2020\/02\/FB_IMG_1582265729712-300x200.jpg 300w\" data-sizes=\"(max-width: 720px) 100vw, 720px\" src=\"data:image\/svg+xml;base64,PHN2ZyB3aWR0aD0iMSIgaGVpZ2h0PSIxIiB4bWxucz0iaHR0cDovL3d3dy53My5vcmcvMjAwMC9zdmciPjwvc3ZnPg==\" style=\"--smush-placeholder-width: 720px; --smush-placeholder-aspect-ratio: 720\/480;\" \/><\/figure>\n\n\n\n<p><\/p>\n","protected":false},"excerpt":{"rendered":"<p>O 4\u00ba &#8220;Baile do Servi\u00e7o de Conviv\u00eancia e Fortalecimento de V\u00ednculos (SCFV), organizado pela Prefeitura de Monteiro, atrav\u00e9s da Secretaria de Assist\u00eancia Social, foi realizado&hellip; <\/p>\n","protected":false},"author":1,"featured_media":154394,"comment_status":"closed","ping_status":"closed","sticky":false,"template":"","format":"standard","meta":{"sfsi_plus_gutenberg_text_before_share":"","sfsi_plus_gutenberg_show_text_before_share":"","sfsi_plus_gutenberg_icon_type":"","sfsi_plus_gutenberg_icon_alignemt":"","sfsi_plus_gutenburg_max_per_row":"","footnotes":""},"categories":[6,50],"tags":[],"class_list":["post-154386","post","type-post","status-publish","format-standard","has-post-thumbnail","hentry","category-cidades","category-destaque"],"_links":{"self":[{"href":"https:\/\/www.caririemacao.com\/1\/wp-json\/wp\/v2\/posts\/154386","targetHints":{"allow":["GET"]}}],"collection":[{"href":"https:\/\/www.caririemacao.com\/1\/wp-json\/wp\/v2\/posts"}],"about":[{"href":"https:\/\/www.caririemacao.com\/1\/wp-json\/wp\/v2\/types\/post"}],"author":[{"embeddable":true,"href":"https:\/\/www.caririemacao.com\/1\/wp-json\/wp\/v2\/users\/1"}],"replies":[{"embeddable":true,"href":"https:\/\/www.caririemacao.com\/1\/wp-json\/wp\/v2\/comments?post=154386"}],"version-history":[{"count":6,"href":"https:\/\/www.caririemacao.com\/1\/wp-json\/wp\/v2\/posts\/154386\/revisions"}],"predecessor-version":[{"id":154500,"href":"https:\/\/www.caririemacao.com\/1\/wp-json\/wp\/v2\/posts\/154386\/revisions\/154500"}],"wp:featuredmedia":[{"embeddable":true,"href":"https:\/\/www.caririemacao.com\/1\/wp-json\/wp\/v2\/media\/154394"}],"wp:attachment":[{"href":"https:\/\/www.caririemacao.com\/1\/wp-json\/wp\/v2\/media?parent=154386"}],"wp:term":[{"taxonomy":"category","embeddable":true,"href":"https:\/\/www.caririemacao.com\/1\/wp-json\/wp\/v2\/categories?post=154386"},{"taxonomy":"post_tag","embeddable":true,"href":"https:\/\/www.caririemacao.com\/1\/wp-json\/wp\/v2\/tags?post=154386"}],"curies":[{"name":"wp","href":"https:\/\/api.w.org\/{rel}","templated":true}]}}