{"id":154407,"date":"2020-02-21T06:08:55","date_gmt":"2020-02-21T09:08:55","guid":{"rendered":"http:\/\/www.caririemacao.com\/1\/?p=154407"},"modified":"2020-02-21T06:08:56","modified_gmt":"2020-02-21T09:08:56","slug":"petroleiros-indicam-suspensao-provisoria-de-greve","status":"publish","type":"post","link":"https:\/\/www.caririemacao.com\/1\/2020\/02\/21\/petroleiros-indicam-suspensao-provisoria-de-greve\/","title":{"rendered":"Petroleiros indicam suspens\u00e3o provis\u00f3ria de greve"},"content":{"rendered":"\n<p>Os petroleiros da Petrobras decidiram hoje (20) suspender a greve da categoria.<\/p>\n\n\n\n<p>O an\u00fancio foi feito pela Federa\u00e7\u00e3o \u00danica dos Petroleiros (FUP), que representa 13 sindicatos da categoria no pa\u00eds.<\/p>\n\n\n\n<p>Est\u00e1 marcada para esta sexta-feira (21), uma audi\u00eancia entre representantes da&nbsp;categoria e da Petrobras com o ministro Ives Gandra, do Tribunal Superior do Trabalho (TST).<\/p>\n\n\n\n<p>Os petroleiros estavam em greve desde 1\u00ba de fevereiro, contra as demiss\u00f5es previstas na Arauc\u00e1ria Nitrogenados (Ansa\/Fafen-PR), que pertence \u00e0 Petrobras.<\/p>\n\n\n\n<p>Segundo a Federa\u00e7\u00e3o \u00danica dos Petroleiros, mil empregos ser\u00e3o perdidos com o fechamento da f\u00e1brica de fertilizantes, decis\u00e3o tomada pela Petrobras porque a unidade gera preju\u00edzos e n\u00e3o despertou interesse de compradores.<\/p>\n\n\n\n<p>A Petrobras informa que planeja 396 demiss\u00f5es e oferece acordos indenizat\u00f3rios que incluem manter assist\u00eancia m\u00e9dica e educacional por um per\u00edodo.<\/p>\n\n\n\n<p>De acordo com o presidente da estatal, Roberto Castello Branco, outras demiss\u00f5es podem ocorrer, ou n\u00e3o, j\u00e1 que se referem a empregados de empresas contratadas pela petrol\u00edfera.<\/p>\n\n\n\n<p>A FUP destaca que o acordo coletivo de trabalho prev\u00ea que demiss\u00f5es coletivas sejam discutidas previamente com o sindicato.<\/p>\n\n\n\n<p>Em 20 dias de paralisa\u00e7\u00e3o, a FUP afirma que a greve chegou a ao menos 121 unidades da Petrobras, entre elas 58 plataformas.<\/p>\n\n\n\n<p>Apesar disso, Castello Branco, disse hoje que \u201cnenhuma gota\u201d deixou de ser produzida, j\u00e1 que a empresa contratou equipes de conting\u00eancia para manter as atividades.<\/p>\n\n\n\n<p>A paralisa\u00e7\u00e3o foi parar na Justi\u00e7a, e decis\u00f5es do Tribunal Superior do Trabalho e do Supremo Tribunal Federal determinaram que 90% dos profissionais continuassem em suas fun\u00e7\u00f5es durante a greve.<\/p>\n\n\n\n<p>Nesta semana, o ministro do TST Ives Gandra Martins Filho declarou a greve ilegal por n\u00e3o ter cumprido decis\u00f5es liminares.<\/p>\n\n\n\n<p>Diante da abertura de uma mesa de negocia\u00e7\u00e3o no TST, que ter\u00e1 in\u00edcio amanh\u00e3 (21), a FUP indicou ontem (19) a suspens\u00e3o provis\u00f3ria da greve.<\/p>\n","protected":false},"excerpt":{"rendered":"<p>Os petroleiros da Petrobras decidiram hoje (20) suspender a greve da categoria. O an\u00fancio foi feito pela Federa\u00e7\u00e3o \u00danica dos Petroleiros (FUP), que representa 13&hellip; <\/p>\n","protected":false},"author":2,"featured_media":96651,"comment_status":"closed","ping_status":"closed","sticky":false,"template":"","format":"standard","meta":{"sfsi_plus_gutenberg_text_before_share":"","sfsi_plus_gutenberg_show_text_before_share":"","sfsi_plus_gutenberg_icon_type":"","sfsi_plus_gutenberg_icon_alignemt":"","sfsi_plus_gutenburg_max_per_row":"","footnotes":""},"categories":[2],"tags":[],"class_list":["post-154407","post","type-post","status-publish","format-standard","has-post-thumbnail","hentry","category-geral"],"_links":{"self":[{"href":"https:\/\/www.caririemacao.com\/1\/wp-json\/wp\/v2\/posts\/154407","targetHints":{"allow":["GET"]}}],"collection":[{"href":"https:\/\/www.caririemacao.com\/1\/wp-json\/wp\/v2\/posts"}],"about":[{"href":"https:\/\/www.caririemacao.com\/1\/wp-json\/wp\/v2\/types\/post"}],"author":[{"embeddable":true,"href":"https:\/\/www.caririemacao.com\/1\/wp-json\/wp\/v2\/users\/2"}],"replies":[{"embeddable":true,"href":"https:\/\/www.caririemacao.com\/1\/wp-json\/wp\/v2\/comments?post=154407"}],"version-history":[{"count":1,"href":"https:\/\/www.caririemacao.com\/1\/wp-json\/wp\/v2\/posts\/154407\/revisions"}],"predecessor-version":[{"id":154408,"href":"https:\/\/www.caririemacao.com\/1\/wp-json\/wp\/v2\/posts\/154407\/revisions\/154408"}],"wp:featuredmedia":[{"embeddable":true,"href":"https:\/\/www.caririemacao.com\/1\/wp-json\/wp\/v2\/media\/96651"}],"wp:attachment":[{"href":"https:\/\/www.caririemacao.com\/1\/wp-json\/wp\/v2\/media?parent=154407"}],"wp:term":[{"taxonomy":"category","embeddable":true,"href":"https:\/\/www.caririemacao.com\/1\/wp-json\/wp\/v2\/categories?post=154407"},{"taxonomy":"post_tag","embeddable":true,"href":"https:\/\/www.caririemacao.com\/1\/wp-json\/wp\/v2\/tags?post=154407"}],"curies":[{"name":"wp","href":"https:\/\/api.w.org\/{rel}","templated":true}]}}