{"id":154410,"date":"2020-02-21T06:10:24","date_gmt":"2020-02-21T09:10:24","guid":{"rendered":"http:\/\/www.caririemacao.com\/1\/?p=154410"},"modified":"2020-02-21T06:10:25","modified_gmt":"2020-02-21T09:10:25","slug":"hospital-reduz-complicacoes-na-gestacao-ao-implantar-pre-natal-de-alto-risco","status":"publish","type":"post","link":"https:\/\/www.caririemacao.com\/1\/2020\/02\/21\/hospital-reduz-complicacoes-na-gestacao-ao-implantar-pre-natal-de-alto-risco\/","title":{"rendered":"Hospital reduz complica\u00e7\u00f5es na gesta\u00e7\u00e3o ao implantar pr\u00e9-natal de alto risco"},"content":{"rendered":"\n<p>O Hospital Regional de Sousa Deputado Manoel Gon\u00e7alves de Abrantes (HRS) implantou o pr\u00e9-natal de alto risco e vem reduzindo em mais de 80% o n\u00famero de partos prematuros e complica\u00e7\u00f5es durante o per\u00edodo gestacional.<\/p>\n\n\n\n<p>Funcionando h\u00e1 tr\u00eas meses, o servi\u00e7o j\u00e1 atendeu 47 gestantes, totalizando 90 consultas entre admiss\u00f5es e retornos, e 12 partos j\u00e1 ocorreram sem complica\u00e7\u00f5es e sem a necessidade de transfer\u00eancia da m\u00e3e ou do rec\u00e9m-nascido.<\/p>\n\n\n\n<p>De acordo com a diretora geral do HRS, Apoliana Ferreira, a unidade recebia muitos casos de pacientes que evolu\u00edam com complica\u00e7\u00f5es e parto prematuro.<\/p>\n\n\n\n<p>Para reverter esse quadro, o hospital decidiu implantar o servi\u00e7o e teve o aux\u00edlio da Rede Cuidar para come\u00e7ar a oferecer o acompanhamento individualizado voltado para as gestantes com perfil de alto risco.<\/p>\n\n\n\n<p>\u201cA gente tinha uma m\u00e9dia de seis interna\u00e7\u00f5es obst\u00e9tricas por m\u00eas. No m\u00eas de janeiro, esse n\u00famero caiu pra um. Estamos colhendo os frutos desse projeto que tivemos a parceria e apoio da Rede Cuidar para implantar. Atendemos na unidade as gestantes de Sousa e de mais oito munic\u00edpios que comp\u00f5em a 10\u00aa Regi\u00e3o de Sa\u00fade\u201d, destaca.<\/p>\n\n\n\n<p>A diretora pontua que, at\u00e9 o momento, gr\u00e1vidas entre 17 e 44 anos foram atendidas e\/ou est\u00e3o em acompanhamento.<\/p>\n\n\n\n<p>As principais patologias s\u00e3o hipertens\u00e3o cr\u00f4nica e diabetes gestacional, mas j\u00e1 foram atendidos outros casos como toxoplasmose aguda, insufici\u00eancia renal cr\u00f4nica e hipotireoidismo.<\/p>\n\n\n\n<p>Para serem atendidas pelo servi\u00e7o, as gestantes que est\u00e3o dentro dos crit\u00e9rios de alto risco gestacional precisam ser encaminhadas pela coordena\u00e7\u00e3o da aten\u00e7\u00e3o prim\u00e1ria do munic\u00edpio.<\/p>\n\n\n\n<p>Os crit\u00e9rios para inclus\u00e3o do pr\u00e9-natal de alto risco s\u00e3o: depend\u00eancia de drogas l\u00edcitas (tabagistas, alco\u00f3latras) ou il\u00edcitas; adolescentes menores de 17 anos ou mulheres maiores de 35 anos com complica\u00e7\u00f5es gestacionais; altura materna menor que 1,45m; hist\u00f3rico de gesta\u00e7\u00e3o ect\u00f3pica, abortamento habitual, infertilidade, malforma\u00e7\u00f5es uterinas, trabalho de parto prematuro, neoplasia ginecol\u00f3gica e cirurgia uterina anterior; doen\u00e7as maternas como cardiopatias, pneumopatias, tireoideopatias, doen\u00e7as psiqui\u00e1tricas, doen\u00e7as hematol\u00f3gicas, tumores, epilepsia, infec\u00e7\u00f5es cong\u00eanitas; doen\u00e7as da gesta\u00e7\u00e3o atual como restri\u00e7\u00e3o de crescimento fetal ou macrossomia fetal, gemelaridade, hipertens\u00e3o, diabetes, m\u00e3e Rh negativo com pai Rh positivo.<\/p>\n\n\n\n<p>Na Para\u00edba, em 2019, foi realizado um total de 56.835 partos. Este ano, at\u00e9 o momento, j\u00e1 foram registrados mais de tr\u00eas mil nascimentos.<\/p>\n","protected":false},"excerpt":{"rendered":"<p>O Hospital Regional de Sousa Deputado Manoel Gon\u00e7alves de Abrantes (HRS) implantou o pr\u00e9-natal de alto risco e vem reduzindo em mais de 80% o&hellip; <\/p>\n","protected":false},"author":2,"featured_media":154411,"comment_status":"closed","ping_status":"closed","sticky":false,"template":"","format":"standard","meta":{"sfsi_plus_gutenberg_text_before_share":"","sfsi_plus_gutenberg_show_text_before_share":"","sfsi_plus_gutenberg_icon_type":"","sfsi_plus_gutenberg_icon_alignemt":"","sfsi_plus_gutenburg_max_per_row":"","footnotes":""},"categories":[2],"tags":[],"class_list":["post-154410","post","type-post","status-publish","format-standard","has-post-thumbnail","hentry","category-geral"],"_links":{"self":[{"href":"https:\/\/www.caririemacao.com\/1\/wp-json\/wp\/v2\/posts\/154410","targetHints":{"allow":["GET"]}}],"collection":[{"href":"https:\/\/www.caririemacao.com\/1\/wp-json\/wp\/v2\/posts"}],"about":[{"href":"https:\/\/www.caririemacao.com\/1\/wp-json\/wp\/v2\/types\/post"}],"author":[{"embeddable":true,"href":"https:\/\/www.caririemacao.com\/1\/wp-json\/wp\/v2\/users\/2"}],"replies":[{"embeddable":true,"href":"https:\/\/www.caririemacao.com\/1\/wp-json\/wp\/v2\/comments?post=154410"}],"version-history":[{"count":1,"href":"https:\/\/www.caririemacao.com\/1\/wp-json\/wp\/v2\/posts\/154410\/revisions"}],"predecessor-version":[{"id":154412,"href":"https:\/\/www.caririemacao.com\/1\/wp-json\/wp\/v2\/posts\/154410\/revisions\/154412"}],"wp:featuredmedia":[{"embeddable":true,"href":"https:\/\/www.caririemacao.com\/1\/wp-json\/wp\/v2\/media\/154411"}],"wp:attachment":[{"href":"https:\/\/www.caririemacao.com\/1\/wp-json\/wp\/v2\/media?parent=154410"}],"wp:term":[{"taxonomy":"category","embeddable":true,"href":"https:\/\/www.caririemacao.com\/1\/wp-json\/wp\/v2\/categories?post=154410"},{"taxonomy":"post_tag","embeddable":true,"href":"https:\/\/www.caririemacao.com\/1\/wp-json\/wp\/v2\/tags?post=154410"}],"curies":[{"name":"wp","href":"https:\/\/api.w.org\/{rel}","templated":true}]}}