{"id":154413,"date":"2020-02-21T06:15:28","date_gmt":"2020-02-21T09:15:28","guid":{"rendered":"http:\/\/www.caririemacao.com\/1\/?p=154413"},"modified":"2020-02-21T06:15:30","modified_gmt":"2020-02-21T09:15:30","slug":"extintas-na-natureza-ararinhas-azuis-serao-reinseridas-de-volta-a-caatinga","status":"publish","type":"post","link":"https:\/\/www.caririemacao.com\/1\/2020\/02\/21\/extintas-na-natureza-ararinhas-azuis-serao-reinseridas-de-volta-a-caatinga\/","title":{"rendered":"Extintas na natureza, ararinhas-azuis ser\u00e3o reinseridas de volta \u00e0 Caatinga"},"content":{"rendered":"\n<p>Cinquenta ariranhas-azuis ser\u00e3o trazidas da Alemanha no pr\u00f3ximo dia 3 de mar\u00e7o e conduzidas para um centro de reprodu\u00e7\u00e3o constru\u00eddo para receber as aves e posteriormente reintroduzir os animais na natureza. As ararinhas-azuis s\u00e3o consideradas extintas na natureza desde o ano 2000, devido \u00e0s a\u00e7\u00f5es de ca\u00e7adores e traficantes de animais.&nbsp;<\/p>\n\n\n\n<p>As aves ser\u00e3o trazidas da Alemanha e v\u00e3o ser levadas para a cidade de Cura\u00e7\u00e1, na Bahia. Ser\u00e1 realizada uma coletiva de imprensa no Aeroporto de Petrolina com a presen\u00e7a do ministro do Meio Ambiente, Ricardo Salles; o presidente do ICMBio, Homero Cerqueira; e o presidente da institui\u00e7\u00e3o alem\u00e3 Association for the Conservation of Threatend Parrots (ACTP), Martin Guth.&nbsp;<\/p>\n\n\n\n<p>Descoberta no in\u00edcio do s\u00e9culo XIX pelo naturalista alem\u00e3o Johann Baptist von Spix, a ararinhaazul (Cyanopsitta spixii), esp\u00e9cie exclusiva da Caatinga brasileira, teve sua popula\u00e7\u00e3o dizimada pela a\u00e7\u00e3o do homem. O \u00faltimo exemplar conhecido na natureza desapareceu em outubro de 2000. Desde ent\u00e3o, os poucos exemplares que restaram em cole\u00e7\u00f5es particulares v\u00eam sendo usados para reproduzir a esp\u00e9cie em cativeiro, quase todos no exterior. A ararinha \u00e9 considerada uma das esp\u00e9cies de aves mais amea\u00e7adas do mundo. Em 2000, foi classificada como Criticamente em Perigo (CR) possivelmente Extinta na Natureza (EW), restando apenas indiv\u00edduos em cativeiro.&nbsp;<br>&nbsp;<br>Rara, a esp\u00e9cie vivia originalmente numa pequena regi\u00e3o do interior de Juazeiro e Cura\u00e7\u00e1, no norte da Bahia, onde o Governo Federal criou, em junho de 2018, duas unidades de conserva\u00e7\u00e3o: o Ref\u00fagio de Vida Silvestre da Ararinha-Azul (com 29,2 mil hectares) e a \u00c1rea de Prote\u00e7\u00e3o Ambiental da Ararinha-Azul (com 90,6 mil hectares), destinadas \u00e0 reintrodu\u00e7\u00e3o e prote\u00e7\u00e3o da esp\u00e9cie, e conserva\u00e7\u00e3o do bioma da caatinga.&nbsp;&nbsp;<\/p>\n\n\n\n<p>A constru\u00e7\u00e3o do Centro e o projeto de reintrodu\u00e7\u00e3o s\u00e3o custeados pela ONG ACTP.&nbsp;<\/p>\n\n\n\n<p>A primeira soltura est\u00e1 prevista para 2021. Ao longo deste per\u00edodo os animais passar\u00e3o por processo de adapta\u00e7\u00e3o e treinamento para viverem em vida livre.&nbsp;<br>Al\u00e9m disto, ser\u00e3o realizados testes de soltura com um papagaio conhecido como Maracan\u00e3.&nbsp;<\/p>\n","protected":false},"excerpt":{"rendered":"<p>Cinquenta ariranhas-azuis ser\u00e3o trazidas da Alemanha no pr\u00f3ximo dia 3 de mar\u00e7o e conduzidas para um centro de reprodu\u00e7\u00e3o constru\u00eddo para receber as aves e&hellip; <\/p>\n","protected":false},"author":2,"featured_media":154414,"comment_status":"closed","ping_status":"closed","sticky":false,"template":"","format":"standard","meta":{"sfsi_plus_gutenberg_text_before_share":"","sfsi_plus_gutenberg_show_text_before_share":"","sfsi_plus_gutenberg_icon_type":"","sfsi_plus_gutenberg_icon_alignemt":"","sfsi_plus_gutenburg_max_per_row":"","footnotes":""},"categories":[2],"tags":[],"class_list":["post-154413","post","type-post","status-publish","format-standard","has-post-thumbnail","hentry","category-geral"],"_links":{"self":[{"href":"https:\/\/www.caririemacao.com\/1\/wp-json\/wp\/v2\/posts\/154413","targetHints":{"allow":["GET"]}}],"collection":[{"href":"https:\/\/www.caririemacao.com\/1\/wp-json\/wp\/v2\/posts"}],"about":[{"href":"https:\/\/www.caririemacao.com\/1\/wp-json\/wp\/v2\/types\/post"}],"author":[{"embeddable":true,"href":"https:\/\/www.caririemacao.com\/1\/wp-json\/wp\/v2\/users\/2"}],"replies":[{"embeddable":true,"href":"https:\/\/www.caririemacao.com\/1\/wp-json\/wp\/v2\/comments?post=154413"}],"version-history":[{"count":1,"href":"https:\/\/www.caririemacao.com\/1\/wp-json\/wp\/v2\/posts\/154413\/revisions"}],"predecessor-version":[{"id":154415,"href":"https:\/\/www.caririemacao.com\/1\/wp-json\/wp\/v2\/posts\/154413\/revisions\/154415"}],"wp:featuredmedia":[{"embeddable":true,"href":"https:\/\/www.caririemacao.com\/1\/wp-json\/wp\/v2\/media\/154414"}],"wp:attachment":[{"href":"https:\/\/www.caririemacao.com\/1\/wp-json\/wp\/v2\/media?parent=154413"}],"wp:term":[{"taxonomy":"category","embeddable":true,"href":"https:\/\/www.caririemacao.com\/1\/wp-json\/wp\/v2\/categories?post=154413"},{"taxonomy":"post_tag","embeddable":true,"href":"https:\/\/www.caririemacao.com\/1\/wp-json\/wp\/v2\/tags?post=154413"}],"curies":[{"name":"wp","href":"https:\/\/api.w.org\/{rel}","templated":true}]}}