{"id":154419,"date":"2020-02-21T06:17:56","date_gmt":"2020-02-21T09:17:56","guid":{"rendered":"http:\/\/www.caririemacao.com\/1\/?p=154419"},"modified":"2020-02-21T06:17:57","modified_gmt":"2020-02-21T09:17:57","slug":"homem-e-preso-suspeito-de-roubar-bicicleta-na-ufpb","status":"publish","type":"post","link":"https:\/\/www.caririemacao.com\/1\/2020\/02\/21\/homem-e-preso-suspeito-de-roubar-bicicleta-na-ufpb\/","title":{"rendered":"Homem \u00e9 preso suspeito de roubar bicicleta na UFPB"},"content":{"rendered":"\n<p>Um homem foi preso nesta quinta-feira (20), suspeito de roubar uma bicicleta no Restaurante Universit\u00e1rio, na UFPB. Os seguran\u00e7as e a guarda da UFPB localizaram o suspeito e realizaram a apreens\u00e3o em flagrante, no momento do roubo.<\/p>\n\n\n\n<p>O suspeito tinha o h\u00e1bito de serrar os cadeados usados para manter as bicicletas.<\/p>\n\n\n\n<p>Ap\u00f3s a pris\u00e3o, o suspeito foi encaminhado para as autoridades cab\u00edveis.<\/p>\n\n\n\n<p>Confira as imagens abaixo:<\/p>\n\n\n\n<figure class=\"wp-block-image\"><img decoding=\"async\" data-src=\"https:\/\/www.clickpb.com.br\/media\/filer_public\/0c\/a2\/0ca25edb-9355-494f-b15b-25751d163ccd\/whatsapp_image_2020-02-20_at_141336.jpeg\" alt=\"\" src=\"data:image\/svg+xml;base64,PHN2ZyB3aWR0aD0iMSIgaGVpZ2h0PSIxIiB4bWxucz0iaHR0cDovL3d3dy53My5vcmcvMjAwMC9zdmciPjwvc3ZnPg==\" class=\"lazyload\" \/><\/figure>\n\n\n\n<figure class=\"wp-block-image\"><img decoding=\"async\" data-src=\"https:\/\/www.clickpb.com.br\/media\/filer_public\/71\/54\/7154a3f6-5512-458c-9e14-87f4efa99b1d\/whatsapp_image_2020-02-20_at_141337.jpeg\" alt=\"\" src=\"data:image\/svg+xml;base64,PHN2ZyB3aWR0aD0iMSIgaGVpZ2h0PSIxIiB4bWxucz0iaHR0cDovL3d3dy53My5vcmcvMjAwMC9zdmciPjwvc3ZnPg==\" class=\"lazyload\" \/><\/figure>\n\n\n\n<figure class=\"wp-block-image\"><img decoding=\"async\" data-src=\"https:\/\/www.clickpb.com.br\/media\/filer_public\/eb\/1f\/eb1f67b9-b24d-40a2-b30e-7bdafbc24bc1\/whatsapp_image_2020-02-20_at_141337_1.jpeg\" alt=\"\" src=\"data:image\/svg+xml;base64,PHN2ZyB3aWR0aD0iMSIgaGVpZ2h0PSIxIiB4bWxucz0iaHR0cDovL3d3dy53My5vcmcvMjAwMC9zdmciPjwvc3ZnPg==\" class=\"lazyload\" \/><\/figure>\n","protected":false},"excerpt":{"rendered":"<p>Um homem foi preso nesta quinta-feira (20), suspeito de roubar uma bicicleta no Restaurante Universit\u00e1rio, na UFPB. Os seguran\u00e7as e a guarda da UFPB localizaram&hellip; <\/p>\n","protected":false},"author":2,"featured_media":154420,"comment_status":"closed","ping_status":"closed","sticky":false,"template":"","format":"standard","meta":{"sfsi_plus_gutenberg_text_before_share":"","sfsi_plus_gutenberg_show_text_before_share":"","sfsi_plus_gutenberg_icon_type":"","sfsi_plus_gutenberg_icon_alignemt":"","sfsi_plus_gutenburg_max_per_row":"","footnotes":""},"categories":[12],"tags":[],"class_list":["post-154419","post","type-post","status-publish","format-standard","has-post-thumbnail","hentry","category-policia"],"_links":{"self":[{"href":"https:\/\/www.caririemacao.com\/1\/wp-json\/wp\/v2\/posts\/154419","targetHints":{"allow":["GET"]}}],"collection":[{"href":"https:\/\/www.caririemacao.com\/1\/wp-json\/wp\/v2\/posts"}],"about":[{"href":"https:\/\/www.caririemacao.com\/1\/wp-json\/wp\/v2\/types\/post"}],"author":[{"embeddable":true,"href":"https:\/\/www.caririemacao.com\/1\/wp-json\/wp\/v2\/users\/2"}],"replies":[{"embeddable":true,"href":"https:\/\/www.caririemacao.com\/1\/wp-json\/wp\/v2\/comments?post=154419"}],"version-history":[{"count":1,"href":"https:\/\/www.caririemacao.com\/1\/wp-json\/wp\/v2\/posts\/154419\/revisions"}],"predecessor-version":[{"id":154421,"href":"https:\/\/www.caririemacao.com\/1\/wp-json\/wp\/v2\/posts\/154419\/revisions\/154421"}],"wp:featuredmedia":[{"embeddable":true,"href":"https:\/\/www.caririemacao.com\/1\/wp-json\/wp\/v2\/media\/154420"}],"wp:attachment":[{"href":"https:\/\/www.caririemacao.com\/1\/wp-json\/wp\/v2\/media?parent=154419"}],"wp:term":[{"taxonomy":"category","embeddable":true,"href":"https:\/\/www.caririemacao.com\/1\/wp-json\/wp\/v2\/categories?post=154419"},{"taxonomy":"post_tag","embeddable":true,"href":"https:\/\/www.caririemacao.com\/1\/wp-json\/wp\/v2\/tags?post=154419"}],"curies":[{"name":"wp","href":"https:\/\/api.w.org\/{rel}","templated":true}]}}