{"id":154424,"date":"2020-02-21T06:21:23","date_gmt":"2020-02-21T09:21:23","guid":{"rendered":"http:\/\/www.caririemacao.com\/1\/?p=154424"},"modified":"2020-02-21T06:21:24","modified_gmt":"2020-02-21T09:21:24","slug":"padres-estao-proibidos-de-se-engajar-na-politica-nas-eleicoes-de-2020-diz-bispo-de-patos","status":"publish","type":"post","link":"https:\/\/www.caririemacao.com\/1\/2020\/02\/21\/padres-estao-proibidos-de-se-engajar-na-politica-nas-eleicoes-de-2020-diz-bispo-de-patos\/","title":{"rendered":"Padres est\u00e3o proibidos de se engajar na pol\u00edtica nas elei\u00e7\u00f5es de 2020, diz bispo de Patos"},"content":{"rendered":"\n<p>O conflito envolvendo o sacerd\u00f3cio e a pol\u00edtica ganhou mais um cap\u00edtulo nesta quinta-feira (20). O bispo diocesano de Patos, Dom Eraldo Bispo da Silva, fez um alerta aos padres da diocese, ao condenar qualquer&nbsp;participa\u00e7\u00e3o ou&nbsp;engajamento de padres na pol\u00edtica partid\u00e1ria em ano de elei\u00e7\u00e3o.<\/p>\n\n\n\n<p>A fala da autoridade se deu durante entrevista ao&nbsp;programa di\u00e1rio de r\u00e1dio, Palavras de F\u00e9, na R\u00e1dio Espinharas, emissora pertencente \u00e0 Diocese de Patos.&nbsp;<\/p>\n\n\n\n<p>Segundo o religioso, uma onda de aproxima\u00e7\u00e3o de pol\u00edticos dentro das igrejas para influenciar padres j\u00e1 vem sendo registrada e por isso a import\u00e2ncia&nbsp;do alerta, que para ele abre um novo espa\u00e7o para os padres que quiserem desobedecer a ordem, uma vez que para ele, o&nbsp;padre pode at\u00e9 participar da pol\u00edtica, mas ter\u00e1 que se afastar do sacerd\u00f3cio.<\/p>\n\n\n\n<p>De acordo com o Vaticano, em um parecer&nbsp;divulgado por um estudo can\u00f4nico, ambas as atividades s\u00e3o incompat\u00edveis. O&nbsp;sacerd\u00f3cio \u00e9 incompat\u00edvel com a atividade pol\u00edtica para evitar que o mesmo sacerdote chamado por Deus a ser promotor da unidade mediante a participa\u00e7\u00e3o no munus regendi [dever de governar] dos bispos venha a se tornar causa de divis\u00e3o e de ruptura de comunh\u00e3o.<\/p>\n","protected":false},"excerpt":{"rendered":"<p>O conflito envolvendo o sacerd\u00f3cio e a pol\u00edtica ganhou mais um cap\u00edtulo nesta quinta-feira (20). O bispo diocesano de Patos, Dom Eraldo Bispo da Silva,&hellip; <\/p>\n","protected":false},"author":2,"featured_media":154425,"comment_status":"closed","ping_status":"closed","sticky":false,"template":"","format":"standard","meta":{"sfsi_plus_gutenberg_text_before_share":"","sfsi_plus_gutenberg_show_text_before_share":"","sfsi_plus_gutenberg_icon_type":"","sfsi_plus_gutenberg_icon_alignemt":"","sfsi_plus_gutenburg_max_per_row":"","footnotes":""},"categories":[2],"tags":[],"class_list":["post-154424","post","type-post","status-publish","format-standard","has-post-thumbnail","hentry","category-geral"],"_links":{"self":[{"href":"https:\/\/www.caririemacao.com\/1\/wp-json\/wp\/v2\/posts\/154424","targetHints":{"allow":["GET"]}}],"collection":[{"href":"https:\/\/www.caririemacao.com\/1\/wp-json\/wp\/v2\/posts"}],"about":[{"href":"https:\/\/www.caririemacao.com\/1\/wp-json\/wp\/v2\/types\/post"}],"author":[{"embeddable":true,"href":"https:\/\/www.caririemacao.com\/1\/wp-json\/wp\/v2\/users\/2"}],"replies":[{"embeddable":true,"href":"https:\/\/www.caririemacao.com\/1\/wp-json\/wp\/v2\/comments?post=154424"}],"version-history":[{"count":1,"href":"https:\/\/www.caririemacao.com\/1\/wp-json\/wp\/v2\/posts\/154424\/revisions"}],"predecessor-version":[{"id":154426,"href":"https:\/\/www.caririemacao.com\/1\/wp-json\/wp\/v2\/posts\/154424\/revisions\/154426"}],"wp:featuredmedia":[{"embeddable":true,"href":"https:\/\/www.caririemacao.com\/1\/wp-json\/wp\/v2\/media\/154425"}],"wp:attachment":[{"href":"https:\/\/www.caririemacao.com\/1\/wp-json\/wp\/v2\/media?parent=154424"}],"wp:term":[{"taxonomy":"category","embeddable":true,"href":"https:\/\/www.caririemacao.com\/1\/wp-json\/wp\/v2\/categories?post=154424"},{"taxonomy":"post_tag","embeddable":true,"href":"https:\/\/www.caririemacao.com\/1\/wp-json\/wp\/v2\/tags?post=154424"}],"curies":[{"name":"wp","href":"https:\/\/api.w.org\/{rel}","templated":true}]}}