{"id":154429,"date":"2020-02-21T06:22:48","date_gmt":"2020-02-21T09:22:48","guid":{"rendered":"http:\/\/www.caririemacao.com\/1\/?p=154429"},"modified":"2020-02-21T06:22:50","modified_gmt":"2020-02-21T09:22:50","slug":"dupla-e-presa-e-prf-apreende-mais-de-40-quilos-de-maconha-que-seriam-entregues-no-sertao-da-paraiba","status":"publish","type":"post","link":"https:\/\/www.caririemacao.com\/1\/2020\/02\/21\/dupla-e-presa-e-prf-apreende-mais-de-40-quilos-de-maconha-que-seriam-entregues-no-sertao-da-paraiba\/","title":{"rendered":"Dupla \u00e9 presa e PRF apreende mais de 40 quilos de maconha que seriam entregues no Sert\u00e3o da Para\u00edba"},"content":{"rendered":"\n<p>A Pol\u00edcia Rodovi\u00e1ria Federal (PRF) apreendeu 43,3kg de maconha que seriam entregues em S\u00e3o Mamede. A apreens\u00e3o foi realizada na manh\u00e3 desta quinta-feira (20), j\u00e1 na cidade do Sert\u00e3o da Para\u00edba, e foram presos os suspeitos da entrega e do recebimento da droga.<\/p>\n\n\n\n<p>Tudo aconteceu quando a equipe da PRF parou um ve\u00edculo modelo Palio e questionou o condutor sobre o motivo da viagem. O homem de 39 anos demonstrou nervosismo e aumentou a suspeita dos policiais.<\/p>\n\n\n\n<p>A maconha foi encontrada ap\u00f3s revista no porta-malas. O homem confessou que transportava os 40kg da droga de Campina Grande para S\u00e3o Mamede. A PRF foi ao local onde seria entregue o entorpecente e prendeu o suposto receptor do material, um jovem de 24 anos.<\/p>\n\n\n\n<p>A dupla foi levada para a Delegacia de Pol\u00edcia Civil da cidade de S\u00e3o Mamede, onde prestou depoimento sob suspeita de tr\u00e1fico de drogas.<\/p>\n","protected":false},"excerpt":{"rendered":"<p>A Pol\u00edcia Rodovi\u00e1ria Federal (PRF) apreendeu 43,3kg de maconha que seriam entregues em S\u00e3o Mamede. A apreens\u00e3o foi realizada na manh\u00e3 desta quinta-feira (20), j\u00e1&hellip; <\/p>\n","protected":false},"author":2,"featured_media":154430,"comment_status":"closed","ping_status":"closed","sticky":false,"template":"","format":"standard","meta":{"sfsi_plus_gutenberg_text_before_share":"","sfsi_plus_gutenberg_show_text_before_share":"","sfsi_plus_gutenberg_icon_type":"","sfsi_plus_gutenberg_icon_alignemt":"","sfsi_plus_gutenburg_max_per_row":"","footnotes":""},"categories":[12],"tags":[],"class_list":["post-154429","post","type-post","status-publish","format-standard","has-post-thumbnail","hentry","category-policia"],"_links":{"self":[{"href":"https:\/\/www.caririemacao.com\/1\/wp-json\/wp\/v2\/posts\/154429","targetHints":{"allow":["GET"]}}],"collection":[{"href":"https:\/\/www.caririemacao.com\/1\/wp-json\/wp\/v2\/posts"}],"about":[{"href":"https:\/\/www.caririemacao.com\/1\/wp-json\/wp\/v2\/types\/post"}],"author":[{"embeddable":true,"href":"https:\/\/www.caririemacao.com\/1\/wp-json\/wp\/v2\/users\/2"}],"replies":[{"embeddable":true,"href":"https:\/\/www.caririemacao.com\/1\/wp-json\/wp\/v2\/comments?post=154429"}],"version-history":[{"count":1,"href":"https:\/\/www.caririemacao.com\/1\/wp-json\/wp\/v2\/posts\/154429\/revisions"}],"predecessor-version":[{"id":154431,"href":"https:\/\/www.caririemacao.com\/1\/wp-json\/wp\/v2\/posts\/154429\/revisions\/154431"}],"wp:featuredmedia":[{"embeddable":true,"href":"https:\/\/www.caririemacao.com\/1\/wp-json\/wp\/v2\/media\/154430"}],"wp:attachment":[{"href":"https:\/\/www.caririemacao.com\/1\/wp-json\/wp\/v2\/media?parent=154429"}],"wp:term":[{"taxonomy":"category","embeddable":true,"href":"https:\/\/www.caririemacao.com\/1\/wp-json\/wp\/v2\/categories?post=154429"},{"taxonomy":"post_tag","embeddable":true,"href":"https:\/\/www.caririemacao.com\/1\/wp-json\/wp\/v2\/tags?post=154429"}],"curies":[{"name":"wp","href":"https:\/\/api.w.org\/{rel}","templated":true}]}}