{"id":154432,"date":"2020-02-21T06:24:39","date_gmt":"2020-02-21T09:24:39","guid":{"rendered":"http:\/\/www.caririemacao.com\/1\/?p=154432"},"modified":"2020-02-21T06:24:40","modified_gmt":"2020-02-21T09:24:40","slug":"comunidade-catolica-ignis-de-serra-branca-promovera-grande-encontro-de-carnaval-evento-reunira-caravanas-de-varias-cidades-do-cariri","status":"publish","type":"post","link":"https:\/\/www.caririemacao.com\/1\/2020\/02\/21\/comunidade-catolica-ignis-de-serra-branca-promovera-grande-encontro-de-carnaval-evento-reunira-caravanas-de-varias-cidades-do-cariri\/","title":{"rendered":"Comunidade Cat\u00f3lica Ignis de Serra Branca promover\u00e1 grande Encontro de Carnaval; evento reunir\u00e1 caravanas de v\u00e1rias cidades do Cariri"},"content":{"rendered":"\n<p>A Comunidade Cat\u00f3lica Ignis de Serra Branca estar\u00e1 realizando entre os dias 23 \u00e0 25 de fevereiro, a 3\u00ba edi\u00e7\u00e3o do Encontro de Carnaval \u2018Alegrai-vos\u2019, da Par\u00f3quia Nossa Senhora da Concei\u00e7\u00e3o (Forania Cariri 1).<\/p>\n\n\n\n<p>Com o tema: \u201cEu escolho Deus\u201d, o evento cat\u00f3lico que ser\u00e1 realizado na Escola T\u00e9cnica ECIT contar\u00e1 uma vasta programa\u00e7\u00e3o religiosa, contendo a realiza\u00e7\u00e3o de prega\u00e7\u00f5es, adora\u00e7\u00e3o, confiss\u00e3o, Santa Missa, gincana, noite tropical com show do Minist\u00e9rio Renovando em Cristo, show de louvor, The Voice Cat\u00f3lico, Neon Party e muito mais.<\/p>\n\n\n\n<p>J\u00e1 est\u00e3o confirmados a presen\u00e7a do Padre Francisco Evaristo, Livian Farias, Padre Fabio Calisto, Siqueirinha J\u00fanior, Mayara Goncalves, Padre Ednaldo Gomes e do Padre Dorivaldo, que estar\u00e3o abrilhantando o evento cat\u00f3lico.<\/p>\n\n\n\n<p>Caravanas de diversas par\u00f3quias e localidades da regi\u00e3o do Cariri j\u00e1 est\u00e3o confirmando as suas presen\u00e7as. Al\u00e9m de Serra Branca, participar\u00e3o do evento as caravanas de Sum\u00e9, Sucuru, Santa Luzia, Coxixola, Campo do Velho, Gurj\u00e3o, Parari e Congo, envolvendo assim, toda a Forania Cariri 1 e 2.<\/p>\n\n\n\n<p>Para esta edi\u00e7\u00e3o, a Comunidade Ignis est\u00e1 preparando uma grande novidade que ser\u00e1 o Alegrai-vos Kids, onde os pais ou respons\u00e1veis, poder\u00e3o deixar as crian\u00e7as em um espa\u00e7o na ECI , na qual uma programa\u00e7\u00e3o paralela ser\u00e1 realizada para as respectivas crian\u00e7as.<\/p>\n\n\n\n<p>As inscri\u00e7\u00f5es para participar do encontro de carnaval s\u00e3o gratuitas e os interessados podem procurar os membros da comunidade cat\u00f3lica Ignis ou entrar em contato atrav\u00e9s do seguinte n\u00famero:&nbsp;<strong>(83) 99988-5868<\/strong>. Vale ressaltar que o evento contar\u00e1 com refei\u00e7\u00f5es e que o participante pagar\u00e1 uma taxa pela alimenta\u00e7\u00e3o.<\/p>\n\n\n\n<p>O organiza\u00e7\u00e3o do evento lembra ainda que um \u00f4nibus da Prefeitura Municipal estar\u00e1 dando todo o suporte, locomovendo os participantes para o local do evento, que fica localizado nas proximidades de uma das entradas que d\u00e1 acesso a cidade.<\/p>\n\n\n\n<p>Participe e fa\u00e7a parte desta grande festa crist\u00e3 com momentos de gra\u00e7as e ben\u00e7\u00e3os!<\/p>\n\n\n\n<p>De olho no cariri<\/p>\n","protected":false},"excerpt":{"rendered":"<p>A Comunidade Cat\u00f3lica Ignis de Serra Branca estar\u00e1 realizando entre os dias 23 \u00e0 25 de fevereiro, a 3\u00ba edi\u00e7\u00e3o do Encontro de Carnaval \u2018Alegrai-vos\u2019,&hellip; <\/p>\n","protected":false},"author":2,"featured_media":154433,"comment_status":"closed","ping_status":"closed","sticky":false,"template":"","format":"standard","meta":{"sfsi_plus_gutenberg_text_before_share":"","sfsi_plus_gutenberg_show_text_before_share":"","sfsi_plus_gutenberg_icon_type":"","sfsi_plus_gutenberg_icon_alignemt":"","sfsi_plus_gutenburg_max_per_row":"","footnotes":""},"categories":[2],"tags":[],"class_list":["post-154432","post","type-post","status-publish","format-standard","has-post-thumbnail","hentry","category-geral"],"_links":{"self":[{"href":"https:\/\/www.caririemacao.com\/1\/wp-json\/wp\/v2\/posts\/154432","targetHints":{"allow":["GET"]}}],"collection":[{"href":"https:\/\/www.caririemacao.com\/1\/wp-json\/wp\/v2\/posts"}],"about":[{"href":"https:\/\/www.caririemacao.com\/1\/wp-json\/wp\/v2\/types\/post"}],"author":[{"embeddable":true,"href":"https:\/\/www.caririemacao.com\/1\/wp-json\/wp\/v2\/users\/2"}],"replies":[{"embeddable":true,"href":"https:\/\/www.caririemacao.com\/1\/wp-json\/wp\/v2\/comments?post=154432"}],"version-history":[{"count":1,"href":"https:\/\/www.caririemacao.com\/1\/wp-json\/wp\/v2\/posts\/154432\/revisions"}],"predecessor-version":[{"id":154434,"href":"https:\/\/www.caririemacao.com\/1\/wp-json\/wp\/v2\/posts\/154432\/revisions\/154434"}],"wp:featuredmedia":[{"embeddable":true,"href":"https:\/\/www.caririemacao.com\/1\/wp-json\/wp\/v2\/media\/154433"}],"wp:attachment":[{"href":"https:\/\/www.caririemacao.com\/1\/wp-json\/wp\/v2\/media?parent=154432"}],"wp:term":[{"taxonomy":"category","embeddable":true,"href":"https:\/\/www.caririemacao.com\/1\/wp-json\/wp\/v2\/categories?post=154432"},{"taxonomy":"post_tag","embeddable":true,"href":"https:\/\/www.caririemacao.com\/1\/wp-json\/wp\/v2\/tags?post=154432"}],"curies":[{"name":"wp","href":"https:\/\/api.w.org\/{rel}","templated":true}]}}