{"id":154439,"date":"2020-02-21T06:30:21","date_gmt":"2020-02-21T09:30:21","guid":{"rendered":"http:\/\/www.caririemacao.com\/1\/?p=154439"},"modified":"2020-02-21T06:30:22","modified_gmt":"2020-02-21T09:30:22","slug":"prefeito-de-sume-visita-sede-da-cnm-para-tratar-de-pauta-municipalista","status":"publish","type":"post","link":"https:\/\/www.caririemacao.com\/1\/2020\/02\/21\/prefeito-de-sume-visita-sede-da-cnm-para-tratar-de-pauta-municipalista\/","title":{"rendered":"Prefeito de Sum\u00e9 visita sede da CNM para tratar de pauta municipalista"},"content":{"rendered":"\n<p>Prefeitos estiveram na sede da Confedera\u00e7\u00e3o Nacional de Munic\u00edpios (CNM) na manh\u00e3 desta quarta-feira, 19 de fevereiro, para sanar d\u00favidas com as \u00e1reas t\u00e9cnicas da entidade. Entre os assuntos, itens constantes da pauta municipalista, como a cess\u00e3o onerosa e Reforma da Previd\u00eancia.<\/p>\n\n\n\n<p>Para ser orientado sobre como aplicar os recursos oriundos da cess\u00e3o onerosa, o prefeito de \u00c9rico Cardoso (BA), \u00c9rico Cardoso de Azevedo, ressaltou que veio buscar as informa\u00e7\u00f5es&nbsp;na CNM. \u201cEu vim me inteirar sobre o recurso da cess\u00e3o onerosa. Estamos vendo muitas especula\u00e7\u00f5es. Nossa inten\u00e7\u00e3o \u00e9 usar esse recurso da melhor forma poss\u00edvel para que n\u00e3o possamos ter problema futuramente\u201d, explicou.<\/p>\n\n\n\n<p>J\u00e1 as mudan\u00e7as com a Reforma da Previd\u00eancia nortearam o atendimento recebido pelo prefeito de Sum\u00e9 (PB), \u00c9den Duarte, que tratou das altera\u00e7\u00f5es e implica\u00e7\u00f5es para o Munic\u00edpio ap\u00f3s Emenda Constitucional 103\/2019. \u201cSempre que venho a Bras\u00edlia procuro vir na CNM para me inteirar de altera\u00e7\u00f5es e buscar orienta\u00e7\u00f5es. Hoje, em espec\u00edfico, sobre as altera\u00e7\u00e3o e implica\u00e7\u00f5es da Reforma da Previd\u00eancia, tamb\u00e9m para os Munic\u00edpios, porque a gente tem que fazer toda uma adequa\u00e7\u00e3o. N\u00f3s temos que mandar uma proposta de lei para a C\u00e2mara de Vereadores, fazer toda uma adequa\u00e7\u00e3o para ficar em conson\u00e2ncia com a legisla\u00e7\u00e3o da Uni\u00e3o e a\u00ed aplic\u00e1-la no Munic\u00edpio\u201d, ressaltou.<\/p>\n\n\n\n<p>Sobre a Reforma da Previd\u00eancia, os Munic\u00edpios devem se adequar at\u00e9 julho de 2020. Para auxiliar as prefeituras com Regime Pr\u00f3prio de Previd\u00eancia Social (RPPS) a atenderem \u00e0s mudan\u00e7as acarretadas pela reforma e previstas na Emenda Constitucional, a CNM disponibilizou uma&nbsp;nota t\u00e9cnica&nbsp;com orienta\u00e7\u00f5es.<\/p>\n","protected":false},"excerpt":{"rendered":"<p>Prefeitos estiveram na sede da Confedera\u00e7\u00e3o Nacional de Munic\u00edpios (CNM) na manh\u00e3 desta quarta-feira, 19 de fevereiro, para sanar d\u00favidas com as \u00e1reas t\u00e9cnicas da&hellip; <\/p>\n","protected":false},"author":2,"featured_media":154440,"comment_status":"closed","ping_status":"closed","sticky":false,"template":"","format":"standard","meta":{"sfsi_plus_gutenberg_text_before_share":"","sfsi_plus_gutenberg_show_text_before_share":"","sfsi_plus_gutenberg_icon_type":"","sfsi_plus_gutenberg_icon_alignemt":"","sfsi_plus_gutenburg_max_per_row":"","footnotes":""},"categories":[2],"tags":[],"class_list":["post-154439","post","type-post","status-publish","format-standard","has-post-thumbnail","hentry","category-geral"],"_links":{"self":[{"href":"https:\/\/www.caririemacao.com\/1\/wp-json\/wp\/v2\/posts\/154439","targetHints":{"allow":["GET"]}}],"collection":[{"href":"https:\/\/www.caririemacao.com\/1\/wp-json\/wp\/v2\/posts"}],"about":[{"href":"https:\/\/www.caririemacao.com\/1\/wp-json\/wp\/v2\/types\/post"}],"author":[{"embeddable":true,"href":"https:\/\/www.caririemacao.com\/1\/wp-json\/wp\/v2\/users\/2"}],"replies":[{"embeddable":true,"href":"https:\/\/www.caririemacao.com\/1\/wp-json\/wp\/v2\/comments?post=154439"}],"version-history":[{"count":1,"href":"https:\/\/www.caririemacao.com\/1\/wp-json\/wp\/v2\/posts\/154439\/revisions"}],"predecessor-version":[{"id":154441,"href":"https:\/\/www.caririemacao.com\/1\/wp-json\/wp\/v2\/posts\/154439\/revisions\/154441"}],"wp:featuredmedia":[{"embeddable":true,"href":"https:\/\/www.caririemacao.com\/1\/wp-json\/wp\/v2\/media\/154440"}],"wp:attachment":[{"href":"https:\/\/www.caririemacao.com\/1\/wp-json\/wp\/v2\/media?parent=154439"}],"wp:term":[{"taxonomy":"category","embeddable":true,"href":"https:\/\/www.caririemacao.com\/1\/wp-json\/wp\/v2\/categories?post=154439"},{"taxonomy":"post_tag","embeddable":true,"href":"https:\/\/www.caririemacao.com\/1\/wp-json\/wp\/v2\/tags?post=154439"}],"curies":[{"name":"wp","href":"https:\/\/api.w.org\/{rel}","templated":true}]}}