{"id":154442,"date":"2020-02-21T06:31:40","date_gmt":"2020-02-21T09:31:40","guid":{"rendered":"http:\/\/www.caririemacao.com\/1\/?p=154442"},"modified":"2020-02-21T06:31:43","modified_gmt":"2020-02-21T09:31:43","slug":"gramado-do-estadio-feitosao-em-monteiro-tem-tratamento-especial-para-receber-a-grande-final-da-copa-dr-chico","status":"publish","type":"post","link":"https:\/\/www.caririemacao.com\/1\/2020\/02\/21\/gramado-do-estadio-feitosao-em-monteiro-tem-tratamento-especial-para-receber-a-grande-final-da-copa-dr-chico\/","title":{"rendered":"Gramado do Est\u00e1dio Feitos\u00e3o em Monteiro tem tratamento especial para receber a grande final da copa Dr. Chico"},"content":{"rendered":"\n<p>O Est\u00e1dio Feitos\u00e3o no munic\u00edpio de Monteiro est\u00e1 ganhando uma nova estrutura, gra\u00e7as ao esfor\u00e7o e dedica\u00e7\u00e3o da Prefeita Anna Lorena e do Vice- Prefeito Celecileno, que juntos buscam o melhor para o esporte monteirense.<\/p>\n\n\n\n<p>As obras est\u00e3o seguindo em ritmo acelerado com amplia\u00e7\u00e3o das arquibancadas, constru\u00e7\u00e3o de uma pista de atletismo, novos banheiros, uma \u00e1rea de praticas de atividades f\u00edsicas, com academia ao ar livre e quadra de v\u00f4lei de areia, al\u00e9m de uma pra\u00e7a de alimenta\u00e7\u00e3o, novos vesti\u00e1rios, tribunas de imprensa, alambrados, pintura geral e estacionamento, onde estar\u00e3o proporcionando um espa\u00e7o mais agrad\u00e1vel e confort\u00e1vel tanto para os atletas como tamb\u00e9m para os torcedores que ir\u00e3o ao Feitos\u00e3o prestigiar suas equipes.<\/p>\n\n\n\n<div class=\"wp-block-image\"><figure class=\"aligncenter\"><img decoding=\"async\" data-src=\"http:\/\/deolhonocariri.com.br\/wp-content\/uploads\/2020\/02\/Gramado-do-Est%C3%A1dio-Feitos%C3%A3o-tem-tratamento-especial-para-receber-a-grande-final-da-copa-Dr.-Chico1.jpeg\" alt=\"\" class=\"wp-image-78260 lazyload\" src=\"data:image\/svg+xml;base64,PHN2ZyB3aWR0aD0iMSIgaGVpZ2h0PSIxIiB4bWxucz0iaHR0cDovL3d3dy53My5vcmcvMjAwMC9zdmciPjwvc3ZnPg==\" \/><\/figure><\/div>\n\n\n\n<p>Destaque para o gramado, que \u00e9 fundamental para uma boa atua\u00e7\u00e3o das equipes, al\u00e9m de deixar o espet\u00e1culo ainda mais bonito. Com um tratamento especial e produtos de qualidade em sua manuten\u00e7\u00e3o, o gramado do Feitos\u00e3o, o famoso tapete verde, j\u00e1 mostra que est\u00e1 ficando pronto para receber a grande final.<\/p>\n\n\n\n<p>O importante espa\u00e7o j\u00e1 recebia a pr\u00e1tica de futebol, al\u00e9m das caminhadas que a popula\u00e7\u00e3o residente nas proximidades &nbsp;realizavam desde as primeiras horas da manh\u00e3, tornando o local sempre movimentado.<\/p>\n\n\n\n<p>Para o secret\u00e1rio Rostand Chaves a realiza\u00e7\u00e3o da reforma, amplia\u00e7\u00e3o e moderniza\u00e7\u00e3o do est\u00e1dio o Feitos\u00e3o \u00e9 um sonho antigo dos desportistas monteireses e que s\u00f3 hoje na administra\u00e7\u00e3o da Prefeita Anna Lorena e do Vice Prefeito Celecileno Alves, que tamb\u00e9m \u00e9 desportista, est\u00e1 sendo realizado e que ir\u00e1 nos pr\u00f3ximos meses proporcionar muitas alegrias no esporte monteirense inclusive com a realiza\u00e7\u00e3o da final da copar Dr. Chico 2020.<\/p>\n\n\n\n<p>\u201cEssa reforma, amplia\u00e7\u00e3o e moderniza\u00e7\u00e3o que hoje acontece no nosso Est\u00e1dio &nbsp;Feitos\u00e3o, \u00e9 um sonho antigo de todos n\u00f3s desportistas, e que agora podemos ver realizado, gra\u00e7as a aten\u00e7\u00e3o dada pela Prefeita Anna Lorena e o vice- Prefeito Celecileno Alves, que ouviram os desportistas e est\u00e3o realizando este grande sonho, que ir\u00e1 &nbsp;proporcionar muitas alegrias no esporte monteirense\u201d, falou Rostand chaves \u2013 secret\u00e1rio de Esporte do munic\u00edpio.<\/p>\n\n\n\n<p>A reinaugura\u00e7\u00e3o est\u00e1 programada para o m\u00eas de agosto, quando &nbsp;receber\u00e1 as equipes finalistas do maior campeonato amador da Para\u00edba, a Copa Dr. Chico, que movimenta mais de mil pessoas entre organizadores e esportistas, al\u00e9m de levar \u00e0s partidas as torcidas mais animadas.<\/p>\n\n\n\n<p><em>Ascom PMM<\/em><\/p>\n","protected":false},"excerpt":{"rendered":"<p>O Est\u00e1dio Feitos\u00e3o no munic\u00edpio de Monteiro est\u00e1 ganhando uma nova estrutura, gra\u00e7as ao esfor\u00e7o e dedica\u00e7\u00e3o da Prefeita Anna Lorena e do Vice- Prefeito&hellip; <\/p>\n","protected":false},"author":2,"featured_media":154443,"comment_status":"closed","ping_status":"closed","sticky":false,"template":"","format":"standard","meta":{"sfsi_plus_gutenberg_text_before_share":"","sfsi_plus_gutenberg_show_text_before_share":"","sfsi_plus_gutenberg_icon_type":"","sfsi_plus_gutenberg_icon_alignemt":"","sfsi_plus_gutenburg_max_per_row":"","footnotes":""},"categories":[2],"tags":[],"class_list":["post-154442","post","type-post","status-publish","format-standard","has-post-thumbnail","hentry","category-geral"],"_links":{"self":[{"href":"https:\/\/www.caririemacao.com\/1\/wp-json\/wp\/v2\/posts\/154442","targetHints":{"allow":["GET"]}}],"collection":[{"href":"https:\/\/www.caririemacao.com\/1\/wp-json\/wp\/v2\/posts"}],"about":[{"href":"https:\/\/www.caririemacao.com\/1\/wp-json\/wp\/v2\/types\/post"}],"author":[{"embeddable":true,"href":"https:\/\/www.caririemacao.com\/1\/wp-json\/wp\/v2\/users\/2"}],"replies":[{"embeddable":true,"href":"https:\/\/www.caririemacao.com\/1\/wp-json\/wp\/v2\/comments?post=154442"}],"version-history":[{"count":1,"href":"https:\/\/www.caririemacao.com\/1\/wp-json\/wp\/v2\/posts\/154442\/revisions"}],"predecessor-version":[{"id":154444,"href":"https:\/\/www.caririemacao.com\/1\/wp-json\/wp\/v2\/posts\/154442\/revisions\/154444"}],"wp:featuredmedia":[{"embeddable":true,"href":"https:\/\/www.caririemacao.com\/1\/wp-json\/wp\/v2\/media\/154443"}],"wp:attachment":[{"href":"https:\/\/www.caririemacao.com\/1\/wp-json\/wp\/v2\/media?parent=154442"}],"wp:term":[{"taxonomy":"category","embeddable":true,"href":"https:\/\/www.caririemacao.com\/1\/wp-json\/wp\/v2\/categories?post=154442"},{"taxonomy":"post_tag","embeddable":true,"href":"https:\/\/www.caririemacao.com\/1\/wp-json\/wp\/v2\/tags?post=154442"}],"curies":[{"name":"wp","href":"https:\/\/api.w.org\/{rel}","templated":true}]}}