{"id":154446,"date":"2020-02-21T07:09:31","date_gmt":"2020-02-21T10:09:31","guid":{"rendered":"http:\/\/www.caririemacao.com\/1\/?p=154446"},"modified":"2020-02-21T07:12:32","modified_gmt":"2020-02-21T10:12:32","slug":"prefeitura-de-prata-aguarda-fim-do-periodo-de-chuvas-para-retomar-recuperacao-de-estradas","status":"publish","type":"post","link":"https:\/\/www.caririemacao.com\/1\/2020\/02\/21\/prefeitura-de-prata-aguarda-fim-do-periodo-de-chuvas-para-retomar-recuperacao-de-estradas\/","title":{"rendered":"Prefeitura de Prata aguarda fim do per\u00edodo de chuvas para retomar recupera\u00e7\u00e3o de estradas"},"content":{"rendered":"\n<p><br>A Prefeitura Municipal de Prata, no Cariri paraibano, sempre adotou uma agenda intensa de recupera\u00e7\u00e3o de estradas da zona rural nos \u00faltimos anos. Ocorre que, devido ao per\u00edodo chuvoso que felizmente atinge o munic\u00edpio, a Prefeitura n\u00e3o tem como dar continuidade \u00e0s a\u00e7\u00f5es at\u00e9 que as chuvas parem.<br>De acordo com o prefeito J\u00fanior N\u00f3brega, as m\u00e1quinas da Prefeitura est\u00e3o em prontid\u00e3o aguardando apenas que o per\u00edodo chuvoso acabe para que voltem a ser utilizadas nas estradas do munic\u00edpio. \u201cEstamos de prontid\u00e3o neste per\u00edodo para ocorr\u00eancias emergenciais, como tapa buracos por exemplo\u201d, comentou o prefeito.<\/p>\n\n\n\n<p>Portal cariri paraibano<\/p>\n","protected":false},"excerpt":{"rendered":"<p>A Prefeitura Municipal de Prata, no Cariri paraibano, sempre adotou uma agenda intensa de recupera\u00e7\u00e3o de estradas da zona rural nos \u00faltimos anos. Ocorre que,&hellip; <\/p>\n","protected":false},"author":2,"featured_media":154447,"comment_status":"closed","ping_status":"closed","sticky":false,"template":"","format":"standard","meta":{"sfsi_plus_gutenberg_text_before_share":"","sfsi_plus_gutenberg_show_text_before_share":"","sfsi_plus_gutenberg_icon_type":"","sfsi_plus_gutenberg_icon_alignemt":"","sfsi_plus_gutenburg_max_per_row":"","footnotes":""},"categories":[2],"tags":[],"class_list":["post-154446","post","type-post","status-publish","format-standard","has-post-thumbnail","hentry","category-geral"],"_links":{"self":[{"href":"https:\/\/www.caririemacao.com\/1\/wp-json\/wp\/v2\/posts\/154446","targetHints":{"allow":["GET"]}}],"collection":[{"href":"https:\/\/www.caririemacao.com\/1\/wp-json\/wp\/v2\/posts"}],"about":[{"href":"https:\/\/www.caririemacao.com\/1\/wp-json\/wp\/v2\/types\/post"}],"author":[{"embeddable":true,"href":"https:\/\/www.caririemacao.com\/1\/wp-json\/wp\/v2\/users\/2"}],"replies":[{"embeddable":true,"href":"https:\/\/www.caririemacao.com\/1\/wp-json\/wp\/v2\/comments?post=154446"}],"version-history":[{"count":2,"href":"https:\/\/www.caririemacao.com\/1\/wp-json\/wp\/v2\/posts\/154446\/revisions"}],"predecessor-version":[{"id":154451,"href":"https:\/\/www.caririemacao.com\/1\/wp-json\/wp\/v2\/posts\/154446\/revisions\/154451"}],"wp:featuredmedia":[{"embeddable":true,"href":"https:\/\/www.caririemacao.com\/1\/wp-json\/wp\/v2\/media\/154447"}],"wp:attachment":[{"href":"https:\/\/www.caririemacao.com\/1\/wp-json\/wp\/v2\/media?parent=154446"}],"wp:term":[{"taxonomy":"category","embeddable":true,"href":"https:\/\/www.caririemacao.com\/1\/wp-json\/wp\/v2\/categories?post=154446"},{"taxonomy":"post_tag","embeddable":true,"href":"https:\/\/www.caririemacao.com\/1\/wp-json\/wp\/v2\/tags?post=154446"}],"curies":[{"name":"wp","href":"https:\/\/api.w.org\/{rel}","templated":true}]}}