{"id":154453,"date":"2020-02-21T07:16:13","date_gmt":"2020-02-21T10:16:13","guid":{"rendered":"http:\/\/www.caririemacao.com\/1\/?p=154453"},"modified":"2020-02-21T07:16:15","modified_gmt":"2020-02-21T10:16:15","slug":"prefeitura-de-prata-paga-13o-salario-aos-servidores-no-mes-do-aniversario","status":"publish","type":"post","link":"https:\/\/www.caririemacao.com\/1\/2020\/02\/21\/prefeitura-de-prata-paga-13o-salario-aos-servidores-no-mes-do-aniversario\/","title":{"rendered":"Prefeitura de Prata paga 13\u00ba sal\u00e1rio aos servidores no m\u00eas do anivers\u00e1rio"},"content":{"rendered":"\n<p>O Governo Municipal de Prata por meio da Secretaria de Administra\u00e7\u00e3o e Finan\u00e7a assumiu o compromisso&nbsp; desde 2014&nbsp; o&nbsp; pagamento do d\u00e9cimo terceiro sal\u00e1rio dos servidores p\u00fablicos efetivos da prefeitura no m\u00eas de seu anivers\u00e1rio .<\/p>\n\n\n\n<p>&#8220;Com muita luta estamos conseguindo, com muito ajuste e economia, garantir o 13\u00ba sal\u00e1rio dos servidores, pagando o sal\u00e1rio no anivers\u00e1rio do servidor fala o prefeito.&nbsp;<br>Uma conquista para a administra\u00e7\u00e3o e para o servidor, estamos procurando cumprir com os nossos compromissos e atender esse patrim\u00f4nio nosso que \u00e9 o servidor p\u00fablico municipal&#8221;, explicou Junior N\u00f3brega .<br>O d\u00e9cimo terceiro era pago apenas no final do ano, frisou o prefeito .<br>Informa\u00e7\u00f5es de Andr\u00e9 Luiz&nbsp;<\/p>\n","protected":false},"excerpt":{"rendered":"<p>O Governo Municipal de Prata por meio da Secretaria de Administra\u00e7\u00e3o e Finan\u00e7a assumiu o compromisso&nbsp; desde 2014&nbsp; o&nbsp; pagamento do d\u00e9cimo terceiro sal\u00e1rio dos&hellip; <\/p>\n","protected":false},"author":2,"featured_media":154454,"comment_status":"closed","ping_status":"closed","sticky":false,"template":"","format":"standard","meta":{"sfsi_plus_gutenberg_text_before_share":"","sfsi_plus_gutenberg_show_text_before_share":"","sfsi_plus_gutenberg_icon_type":"","sfsi_plus_gutenberg_icon_alignemt":"","sfsi_plus_gutenburg_max_per_row":"","footnotes":""},"categories":[2],"tags":[],"class_list":["post-154453","post","type-post","status-publish","format-standard","has-post-thumbnail","hentry","category-geral"],"_links":{"self":[{"href":"https:\/\/www.caririemacao.com\/1\/wp-json\/wp\/v2\/posts\/154453","targetHints":{"allow":["GET"]}}],"collection":[{"href":"https:\/\/www.caririemacao.com\/1\/wp-json\/wp\/v2\/posts"}],"about":[{"href":"https:\/\/www.caririemacao.com\/1\/wp-json\/wp\/v2\/types\/post"}],"author":[{"embeddable":true,"href":"https:\/\/www.caririemacao.com\/1\/wp-json\/wp\/v2\/users\/2"}],"replies":[{"embeddable":true,"href":"https:\/\/www.caririemacao.com\/1\/wp-json\/wp\/v2\/comments?post=154453"}],"version-history":[{"count":1,"href":"https:\/\/www.caririemacao.com\/1\/wp-json\/wp\/v2\/posts\/154453\/revisions"}],"predecessor-version":[{"id":154455,"href":"https:\/\/www.caririemacao.com\/1\/wp-json\/wp\/v2\/posts\/154453\/revisions\/154455"}],"wp:featuredmedia":[{"embeddable":true,"href":"https:\/\/www.caririemacao.com\/1\/wp-json\/wp\/v2\/media\/154454"}],"wp:attachment":[{"href":"https:\/\/www.caririemacao.com\/1\/wp-json\/wp\/v2\/media?parent=154453"}],"wp:term":[{"taxonomy":"category","embeddable":true,"href":"https:\/\/www.caririemacao.com\/1\/wp-json\/wp\/v2\/categories?post=154453"},{"taxonomy":"post_tag","embeddable":true,"href":"https:\/\/www.caririemacao.com\/1\/wp-json\/wp\/v2\/tags?post=154453"}],"curies":[{"name":"wp","href":"https:\/\/api.w.org\/{rel}","templated":true}]}}