{"id":154462,"date":"2020-02-21T07:52:47","date_gmt":"2020-02-21T10:52:47","guid":{"rendered":"http:\/\/www.caririemacao.com\/1\/?p=154462"},"modified":"2020-02-21T07:52:48","modified_gmt":"2020-02-21T10:52:48","slug":"prf-inicia-nesta-sexta-operacao-carnaval-nas-rodovias-da-paraiba","status":"publish","type":"post","link":"https:\/\/www.caririemacao.com\/1\/2020\/02\/21\/prf-inicia-nesta-sexta-operacao-carnaval-nas-rodovias-da-paraiba\/","title":{"rendered":"PRF inicia nesta sexta Opera\u00e7\u00e3o Carnaval nas rodovias da Para\u00edba"},"content":{"rendered":"\n<p>A Pol\u00edcia Rodovi\u00e1ria Federal (PRF) inicia nesta sexta-feira (21), a Opera\u00e7\u00e3o Carnaval 2020 nas rodovias federais de todo o Brasil, refor\u00e7ando o policiamento ostensivo para garantir a seguran\u00e7a e a fluidez do tr\u00e2nsito no feriado.<\/p>\n\n\n\n<p>Durante o per\u00edodo do Carnaval, aumenta significativamente o fluxo de ve\u00edculos nas rodovias federais, principalmente no Nordeste do pa\u00eds, tendo em vista o seu aspecto cultural que atrai turistas de todo o Brasil.&nbsp;<\/p>\n\n\n\n<p>Para reduzir o n\u00famero de acidentes, a PRF priorizar\u00e1 as a\u00e7\u00f5es preventivas para a redu\u00e7\u00e3o da viol\u00eancia no tr\u00e2nsito e de acidentes relacionados ao consumo de bebida e dire\u00e7\u00e3o de ve\u00edculos, \u00e0s ultrapassagens proibidas e envolvendo motocicletas e ciclomotores. O planejamento da Pol\u00edcia Rodovi\u00e1ria Federal faz parte de esfor\u00e7os para a redu\u00e7\u00e3o da viol\u00eancia no tr\u00e2nsito.<\/p>\n\n\n\n<p>Na Para\u00edba, a PRF promover\u00e1 a\u00e7\u00f5es educativas aos motoristas e passageiros para alert\u00e1-los sobre a ado\u00e7\u00e3o de medidas e comportamentos que podem salvar vidas e promover um tr\u00e2nsito mais seguro. A fiscaliza\u00e7\u00e3o tamb\u00e9m ser\u00e1 intensificada com a realiza\u00e7\u00e3o de testes de etil\u00f4metro e coibi\u00e7\u00e3o de infra\u00e7\u00f5es de tr\u00e2nsito, tais como dirigir sob efeito de \u00e1lcool, excesso de passageiros nos ve\u00edculos, uso de cinto de seguran\u00e7a nos condutores e passageiros, averigua\u00e7\u00e3o do estado dos pneus e presen\u00e7a de estepe, al\u00e9m de an\u00e1lise da documenta\u00e7\u00e3o do condutor e ve\u00edculo, entre outras.<\/p>\n\n\n\n<p>As motocicletas est\u00e3o entre os ve\u00edculos que mais se envolveram em acidentes graves durante o per\u00edodo do Carnaval 2019, sendo que 67% do total de pessoas feridas com gravidade utilizavam motos. Para evitar acidentes graves envolvendo motocicletas e ciclomotores, a PRF ir\u00e1 intensificar durante toda a Opera\u00e7\u00e3o a fiscaliza\u00e7\u00e3o de motos.&nbsp; &nbsp;<\/p>\n\n\n\n<p>&nbsp;As a\u00e7\u00f5es de combate ao crime tamb\u00e9m ser\u00e3o refor\u00e7adas com fiscaliza\u00e7\u00f5es espec\u00edficas a autom\u00f3veis, motocicletas e \u00f4nibus que circulam entre os estados, buscando promover a seguran\u00e7a de toda a sociedade.<\/p>\n\n\n\n<p>OPERA\u00c7\u00c3O CARNAVAL 2019<\/p>\n\n\n\n<p>Na Para\u00edba, na Opera\u00e7\u00e3o Carnaval 2019, foram registrados 21 acidentes nas rodovias federais, sendo 11 pessoas feridas e 2 vieram a \u00f3bito. Ao todo foram fiscalizados 4.765 ve\u00edculos, 4.675 pessoas abordadas, 1.554 testes de etil\u00f4metro realizados, sendo 61 pessoas flagradas dirigindo sob efeito de \u00e1lcool e 1.875 infra\u00e7\u00f5es de tr\u00e2nsito diversas foram autuadas. Ainda no combate ao crime foram detidas 16 pessoas, 3 armas de fogo apreendidas, 5 ve\u00edculos roubados foram recuperados e 75 comprimidos de anfetaminas apreendidos.<\/p>\n\n\n\n<p>DICAS PARA UMA VIAGEM SEGURA<\/p>\n\n\n\n<p>A PRF recomenda aos motoristas algumas condutas para que fa\u00e7am uma viagem mais segura:<\/p>\n\n\n\n<p>\u2013 Fa\u00e7a uma revis\u00e3o atenta no ve\u00edculo antes de viajar: verifique principalmente pneus (inclusive o estepe), palhetas dos limpadores de para-brisa e itens de ilumina\u00e7\u00e3o e sinaliza\u00e7\u00e3o;<\/p>\n\n\n\n<p>\u2013 Planeje a viagem: lembre-se de programar paradas em locais adequados para abastecimento, alimenta\u00e7\u00e3o e descanso;<\/p>\n\n\n\n<p>\u2013 Mantenha a aten\u00e7\u00e3o na rodovia: respeite a sinaliza\u00e7\u00e3o e os limites de velocidade, eles existem para proteger a sua vida;<\/p>\n\n\n\n<p>\u2013 Mantenha sempre os far\u00f3is ligados para que seu ve\u00edculo fique mais vis\u00edvel aos demais condutores e pedestres;<\/p>\n\n\n\n<p>\u2013 N\u00e3o ligue o pisca-alerta com o ve\u00edculo em movimento: isso pode confundir os outros motoristas e causar um acidente;<\/p>\n\n\n\n<p>&#8211; Procure se informar sobre as condi\u00e7\u00f5es do tempo no percurso por onde ir\u00e1 trafegar. Em caso de chuva reduza a velocidade. O instituto Nacional de Meteorologia (Inmet) disponibiliza informa\u00e7\u00f5es atualizadas no endere\u00e7o eletr\u00f4nico www.inmet.gov.br.<\/p>\n\n\n\n<p>&#8211; Lembre-se que o cinto de seguran\u00e7a \u00e9 obrigat\u00f3rio para todos os ocupantes do ve\u00edculo;<\/p>\n\n\n\n<p>&#8211; Em caso de emerg\u00eancia e necessidade de apoio da PRF, ligue para o telefone de emerg\u00eancia 191.<\/p>\n\n\n\n<p>RESTRI\u00c7\u00c3O AO TR\u00c1FEGO<\/p>\n\n\n\n<p>Durante o feriado, haver\u00e1 restri\u00e7\u00e3o de tr\u00e1fego para alguns ve\u00edculos de carga nas rodovias federais, em trechos de pista simples, para proporcionar uma maior seguran\u00e7a no tr\u00e2nsito.N\u00e3o ser\u00e1 permitido o tr\u00e2nsito de ve\u00edculos ou combina\u00e7\u00e3o de ve\u00edculos, pass\u00edveis ou n\u00e3o de autoriza\u00e7\u00e3o especial de tr\u00e2nsito (AET) ou autoriza\u00e7\u00e3o espec\u00edfica (AE), cujos pesos e dimens\u00f5es excedam qualquer dos seguintes limites: 2,6m de largura; 4,4m de altura; 19,8m de comprimento, 57t de PBTC.&nbsp;<\/p>\n\n\n\n<p>A restri\u00e7\u00e3o seguir\u00e1 conforme os dias e hor\u00e1rios a seguir:<br>21\/02\/2020 (sexta-feira) \u2013 16:00 \u00e0s 22:00<\/p>\n\n\n\n<p>22\/02\/2020 (s\u00e1bado) \u2013 06:00 \u00e0s 12:00<\/p>\n\n\n\n<p>25\/02\/2020 (ter\u00e7a-feira) -16:00 \u00e0s 22:00<\/p>\n","protected":false},"excerpt":{"rendered":"<p>A Pol\u00edcia Rodovi\u00e1ria Federal (PRF) inicia nesta sexta-feira (21), a Opera\u00e7\u00e3o Carnaval 2020 nas rodovias federais de todo o Brasil, refor\u00e7ando o policiamento ostensivo para&hellip; <\/p>\n","protected":false},"author":2,"featured_media":154463,"comment_status":"closed","ping_status":"closed","sticky":false,"template":"","format":"standard","meta":{"sfsi_plus_gutenberg_text_before_share":"","sfsi_plus_gutenberg_show_text_before_share":"","sfsi_plus_gutenberg_icon_type":"","sfsi_plus_gutenberg_icon_alignemt":"","sfsi_plus_gutenburg_max_per_row":"","footnotes":""},"categories":[2],"tags":[],"class_list":["post-154462","post","type-post","status-publish","format-standard","has-post-thumbnail","hentry","category-geral"],"_links":{"self":[{"href":"https:\/\/www.caririemacao.com\/1\/wp-json\/wp\/v2\/posts\/154462","targetHints":{"allow":["GET"]}}],"collection":[{"href":"https:\/\/www.caririemacao.com\/1\/wp-json\/wp\/v2\/posts"}],"about":[{"href":"https:\/\/www.caririemacao.com\/1\/wp-json\/wp\/v2\/types\/post"}],"author":[{"embeddable":true,"href":"https:\/\/www.caririemacao.com\/1\/wp-json\/wp\/v2\/users\/2"}],"replies":[{"embeddable":true,"href":"https:\/\/www.caririemacao.com\/1\/wp-json\/wp\/v2\/comments?post=154462"}],"version-history":[{"count":1,"href":"https:\/\/www.caririemacao.com\/1\/wp-json\/wp\/v2\/posts\/154462\/revisions"}],"predecessor-version":[{"id":154464,"href":"https:\/\/www.caririemacao.com\/1\/wp-json\/wp\/v2\/posts\/154462\/revisions\/154464"}],"wp:featuredmedia":[{"embeddable":true,"href":"https:\/\/www.caririemacao.com\/1\/wp-json\/wp\/v2\/media\/154463"}],"wp:attachment":[{"href":"https:\/\/www.caririemacao.com\/1\/wp-json\/wp\/v2\/media?parent=154462"}],"wp:term":[{"taxonomy":"category","embeddable":true,"href":"https:\/\/www.caririemacao.com\/1\/wp-json\/wp\/v2\/categories?post=154462"},{"taxonomy":"post_tag","embeddable":true,"href":"https:\/\/www.caririemacao.com\/1\/wp-json\/wp\/v2\/tags?post=154462"}],"curies":[{"name":"wp","href":"https:\/\/api.w.org\/{rel}","templated":true}]}}