{"id":154482,"date":"2020-02-21T08:22:10","date_gmt":"2020-02-21T11:22:10","guid":{"rendered":"http:\/\/www.caririemacao.com\/1\/?p=154482"},"modified":"2020-02-21T08:22:11","modified_gmt":"2020-02-21T11:22:11","slug":"estudantes-com-deficiencia-auditiva-vao-ter-acesso-a-tecnologia-do-sus","status":"publish","type":"post","link":"https:\/\/www.caririemacao.com\/1\/2020\/02\/21\/estudantes-com-deficiencia-auditiva-vao-ter-acesso-a-tecnologia-do-sus\/","title":{"rendered":"Estudantes com defici\u00eancia auditiva v\u00e3o ter acesso \u00e0 tecnologia do SUS"},"content":{"rendered":"\n<p>Os estudantes com defici\u00eancia auditivo, de qualquer n\u00edvel acad\u00eamico, v\u00e3o poder usar a tecnologia do&nbsp;<a href=\"http:\/\/bvsms.saude.gov.br\/bvs\/saudelegis\/gm\/2013\/prt1274_25_06_2013.html\" target=\"_blank\" rel=\"noreferrer noopener\">Sistema de Frequ\u00eancia Modulada Pessoal<\/a>, do Sistema \u00danico de Sa\u00fade (SUS), para o tratamento de sua dificuldade de auditiva.<\/p>\n\n\n\n<p>A decis\u00e3o do Minist\u00e9rio da Sa\u00fade consta da&nbsp;<a href=\"http:\/\/www.in.gov.br\/web\/dou\/-\/portaria-n-3-de-19-de-fevereiro-de-2020-244302714\" target=\"_blank\" rel=\"noreferrer noopener\">Portaria n\u00ba 3<\/a>, de 19 de fevereiro, publicada no&nbsp;<em>Di\u00e1rio Oficial da Uni\u00e3o<\/em>&nbsp;desta quinta-feira (20). O prazo m\u00e1ximo para efetivar a oferta ao SUS \u00e9 de 180 dias, a contar a partir de hoje.<\/p>\n\n\n\n<p>O relat\u00f3rio de recomenda\u00e7\u00e3o da Comiss\u00e3o Nacional de Incorpora\u00e7\u00e3o de Tecnologias no Sistema \u00danico de Sa\u00fade (Conitec) sobre essa tecnologia est\u00e1 dispon\u00edvel no<a href=\"http:\/\/conitec.gov.br\/images\/Incorporados\/SistemaFM-final.pdf\"><em>&nbsp;site<\/em>&nbsp;do Conitec<\/a>.<\/p>\n\n\n\n<p>O relat\u00f3rio diz que &#8220;o Sistema FM \u00e9 considerado uma alternativa dentre outros materiais e recursos da tecnologia assistiva utilizados por alunos com defici\u00eancia auditiva, visando auxiliar a integra\u00e7\u00e3o educativa-escolar&#8221;.<\/p>\n","protected":false},"excerpt":{"rendered":"<p>Os estudantes com defici\u00eancia auditivo, de qualquer n\u00edvel acad\u00eamico, v\u00e3o poder usar a tecnologia do&nbsp;Sistema de Frequ\u00eancia Modulada Pessoal, do Sistema \u00danico de Sa\u00fade (SUS),&hellip; <\/p>\n","protected":false},"author":2,"featured_media":154483,"comment_status":"closed","ping_status":"closed","sticky":false,"template":"","format":"standard","meta":{"sfsi_plus_gutenberg_text_before_share":"","sfsi_plus_gutenberg_show_text_before_share":"","sfsi_plus_gutenberg_icon_type":"","sfsi_plus_gutenberg_icon_alignemt":"","sfsi_plus_gutenburg_max_per_row":"","footnotes":""},"categories":[2],"tags":[],"class_list":["post-154482","post","type-post","status-publish","format-standard","has-post-thumbnail","hentry","category-geral"],"_links":{"self":[{"href":"https:\/\/www.caririemacao.com\/1\/wp-json\/wp\/v2\/posts\/154482","targetHints":{"allow":["GET"]}}],"collection":[{"href":"https:\/\/www.caririemacao.com\/1\/wp-json\/wp\/v2\/posts"}],"about":[{"href":"https:\/\/www.caririemacao.com\/1\/wp-json\/wp\/v2\/types\/post"}],"author":[{"embeddable":true,"href":"https:\/\/www.caririemacao.com\/1\/wp-json\/wp\/v2\/users\/2"}],"replies":[{"embeddable":true,"href":"https:\/\/www.caririemacao.com\/1\/wp-json\/wp\/v2\/comments?post=154482"}],"version-history":[{"count":1,"href":"https:\/\/www.caririemacao.com\/1\/wp-json\/wp\/v2\/posts\/154482\/revisions"}],"predecessor-version":[{"id":154484,"href":"https:\/\/www.caririemacao.com\/1\/wp-json\/wp\/v2\/posts\/154482\/revisions\/154484"}],"wp:featuredmedia":[{"embeddable":true,"href":"https:\/\/www.caririemacao.com\/1\/wp-json\/wp\/v2\/media\/154483"}],"wp:attachment":[{"href":"https:\/\/www.caririemacao.com\/1\/wp-json\/wp\/v2\/media?parent=154482"}],"wp:term":[{"taxonomy":"category","embeddable":true,"href":"https:\/\/www.caririemacao.com\/1\/wp-json\/wp\/v2\/categories?post=154482"},{"taxonomy":"post_tag","embeddable":true,"href":"https:\/\/www.caririemacao.com\/1\/wp-json\/wp\/v2\/tags?post=154482"}],"curies":[{"name":"wp","href":"https:\/\/api.w.org\/{rel}","templated":true}]}}