{"id":154494,"date":"2020-02-21T10:20:05","date_gmt":"2020-02-21T13:20:05","guid":{"rendered":"http:\/\/www.caririemacao.com\/1\/?p=154494"},"modified":"2020-02-21T10:20:07","modified_gmt":"2020-02-21T13:20:07","slug":"apos-troca-de-tiros-com-vigilantes-do-centro-de-convencoes-bandidos-roubam-arma-e-colete-na-ufpb","status":"publish","type":"post","link":"https:\/\/www.caririemacao.com\/1\/2020\/02\/21\/apos-troca-de-tiros-com-vigilantes-do-centro-de-convencoes-bandidos-roubam-arma-e-colete-na-ufpb\/","title":{"rendered":"Ap\u00f3s troca de tiros com vigilantes do Centro de Conven\u00e7\u00f5es, bandidos roubam arma e colete na UFPB"},"content":{"rendered":"\n<p>Tr\u00eas bandidos armados invadiram&nbsp;na manh\u00e3 desta sexta-feira (21), o Centro de Conven\u00e7\u00f5es, em Jo\u00e3o Pessoa, e tentaram roubar as armas dos vigilantes. Os vigilantes ao avistarem os bandidos, reagiram e come\u00e7ou uma intensa troca de tiros.&nbsp;<\/p>\n\n\n\n<p>Os criminosos fugiram em dire\u00e7\u00e3o a Universidade Federal da Para\u00edba (UFPB), campus Mangabeira. De acordo com as primeiras informa\u00e7\u00f5es, os criminosos renderam o vigilante do&nbsp;Centro de Tecnologia e Desenvolvimento Regional da UFPB (CTDR)&nbsp;e roubaram a arma e o colete dele.&nbsp;<\/p>\n\n\n\n<p>Ap\u00f3s o crime, os suspeitos fugiram. Mais informa\u00e7\u00f5es em instantes.<\/p>\n","protected":false},"excerpt":{"rendered":"<p>Tr\u00eas bandidos armados invadiram&nbsp;na manh\u00e3 desta sexta-feira (21), o Centro de Conven\u00e7\u00f5es, em Jo\u00e3o Pessoa, e tentaram roubar as armas dos vigilantes. Os vigilantes ao&hellip; <\/p>\n","protected":false},"author":2,"featured_media":154508,"comment_status":"closed","ping_status":"closed","sticky":false,"template":"","format":"standard","meta":{"sfsi_plus_gutenberg_text_before_share":"","sfsi_plus_gutenberg_show_text_before_share":"","sfsi_plus_gutenberg_icon_type":"","sfsi_plus_gutenberg_icon_alignemt":"","sfsi_plus_gutenburg_max_per_row":"","footnotes":""},"categories":[12],"tags":[],"class_list":["post-154494","post","type-post","status-publish","format-standard","has-post-thumbnail","hentry","category-policia"],"_links":{"self":[{"href":"https:\/\/www.caririemacao.com\/1\/wp-json\/wp\/v2\/posts\/154494","targetHints":{"allow":["GET"]}}],"collection":[{"href":"https:\/\/www.caririemacao.com\/1\/wp-json\/wp\/v2\/posts"}],"about":[{"href":"https:\/\/www.caririemacao.com\/1\/wp-json\/wp\/v2\/types\/post"}],"author":[{"embeddable":true,"href":"https:\/\/www.caririemacao.com\/1\/wp-json\/wp\/v2\/users\/2"}],"replies":[{"embeddable":true,"href":"https:\/\/www.caririemacao.com\/1\/wp-json\/wp\/v2\/comments?post=154494"}],"version-history":[{"count":1,"href":"https:\/\/www.caririemacao.com\/1\/wp-json\/wp\/v2\/posts\/154494\/revisions"}],"predecessor-version":[{"id":154509,"href":"https:\/\/www.caririemacao.com\/1\/wp-json\/wp\/v2\/posts\/154494\/revisions\/154509"}],"wp:featuredmedia":[{"embeddable":true,"href":"https:\/\/www.caririemacao.com\/1\/wp-json\/wp\/v2\/media\/154508"}],"wp:attachment":[{"href":"https:\/\/www.caririemacao.com\/1\/wp-json\/wp\/v2\/media?parent=154494"}],"wp:term":[{"taxonomy":"category","embeddable":true,"href":"https:\/\/www.caririemacao.com\/1\/wp-json\/wp\/v2\/categories?post=154494"},{"taxonomy":"post_tag","embeddable":true,"href":"https:\/\/www.caririemacao.com\/1\/wp-json\/wp\/v2\/tags?post=154494"}],"curies":[{"name":"wp","href":"https:\/\/api.w.org\/{rel}","templated":true}]}}