{"id":154497,"date":"2020-02-21T09:32:20","date_gmt":"2020-02-21T12:32:20","guid":{"rendered":"http:\/\/www.caririemacao.com\/1\/?p=154497"},"modified":"2020-02-21T10:11:39","modified_gmt":"2020-02-21T13:11:39","slug":"bloco-pinto-colorido-estara-nas-ruas-de-monteiro-pb-nesta-sexta","status":"publish","type":"post","link":"https:\/\/www.caririemacao.com\/1\/2020\/02\/21\/bloco-pinto-colorido-estara-nas-ruas-de-monteiro-pb-nesta-sexta\/","title":{"rendered":"Bloco &#8220;Pinto Colorido&#8221; estar\u00e1 nas ruas de Monteiro nesta sexta"},"content":{"rendered":"\n<p>A folia estar\u00e1 garantida na cidade de Monteiro com o Bloco que j\u00e1 est\u00e1 se tornando tradi\u00e7\u00e3o na cidade. O famoso bloco carnavalesco &#8220;Pinto Colorido&#8221;. <\/p>\n\n\n\n<p>O bloco &#8220;Pinto Colorido&#8221; \u00e9 uma cria\u00e7\u00e3o de professores, juntamente com alunos da Universidade Estadual da Para\u00edba (UEPB).<\/p>\n\n\n\n<p>O bloco estar\u00e1 na sua 5\u00aa edi\u00e7\u00e3o esse ano e j\u00e1 conta com v\u00e1rios foli\u00f5es animados esperando ansiosos para participar. <\/p>\n\n\n\n<p>A concentra\u00e7\u00e3o acontecer\u00e1 nesta sexta-feira 21, \u00e0s 19:00h em frente a UEPB-centro. E contar\u00e1 com um pared\u00e3o percorrendo o centro de Monteiro at\u00e9 a pra\u00e7a Jo\u00e3o Pessoa. <\/p>\n\n\n\n<p>&#8220;Prepara a sua fantasia, vem brincar com alegria. Vem vestir nossa camisa,vem pro Pinto colorido, pra colorir nossa folia. Venha voc\u00ea e venha quem quiser. No Ponto Colorido s\u00f3 n\u00e3o brinca quem n\u00e3o quer&#8221;, afirma os organizadores. <\/p>\n\n\n\n<p><\/p>\n","protected":false},"excerpt":{"rendered":"<p>A folia estar\u00e1 garantida na cidade de Monteiro com o Bloco que j\u00e1 est\u00e1 se tornando tradi\u00e7\u00e3o na cidade. O famoso bloco carnavalesco &#8220;Pinto Colorido&#8221;.&hellip; <\/p>\n","protected":false},"author":1,"featured_media":154501,"comment_status":"closed","ping_status":"closed","sticky":false,"template":"","format":"standard","meta":{"sfsi_plus_gutenberg_text_before_share":"","sfsi_plus_gutenberg_show_text_before_share":"","sfsi_plus_gutenberg_icon_type":"","sfsi_plus_gutenberg_icon_alignemt":"","sfsi_plus_gutenburg_max_per_row":"","footnotes":""},"categories":[6,50],"tags":[],"class_list":["post-154497","post","type-post","status-publish","format-standard","has-post-thumbnail","hentry","category-cidades","category-destaque"],"_links":{"self":[{"href":"https:\/\/www.caririemacao.com\/1\/wp-json\/wp\/v2\/posts\/154497","targetHints":{"allow":["GET"]}}],"collection":[{"href":"https:\/\/www.caririemacao.com\/1\/wp-json\/wp\/v2\/posts"}],"about":[{"href":"https:\/\/www.caririemacao.com\/1\/wp-json\/wp\/v2\/types\/post"}],"author":[{"embeddable":true,"href":"https:\/\/www.caririemacao.com\/1\/wp-json\/wp\/v2\/users\/1"}],"replies":[{"embeddable":true,"href":"https:\/\/www.caririemacao.com\/1\/wp-json\/wp\/v2\/comments?post=154497"}],"version-history":[{"count":2,"href":"https:\/\/www.caririemacao.com\/1\/wp-json\/wp\/v2\/posts\/154497\/revisions"}],"predecessor-version":[{"id":154507,"href":"https:\/\/www.caririemacao.com\/1\/wp-json\/wp\/v2\/posts\/154497\/revisions\/154507"}],"wp:featuredmedia":[{"embeddable":true,"href":"https:\/\/www.caririemacao.com\/1\/wp-json\/wp\/v2\/media\/154501"}],"wp:attachment":[{"href":"https:\/\/www.caririemacao.com\/1\/wp-json\/wp\/v2\/media?parent=154497"}],"wp:term":[{"taxonomy":"category","embeddable":true,"href":"https:\/\/www.caririemacao.com\/1\/wp-json\/wp\/v2\/categories?post=154497"},{"taxonomy":"post_tag","embeddable":true,"href":"https:\/\/www.caririemacao.com\/1\/wp-json\/wp\/v2\/tags?post=154497"}],"curies":[{"name":"wp","href":"https:\/\/api.w.org\/{rel}","templated":true}]}}