{"id":154503,"date":"2020-02-21T09:58:20","date_gmt":"2020-02-21T12:58:20","guid":{"rendered":"http:\/\/www.caririemacao.com\/1\/?p=154503"},"modified":"2020-02-21T09:58:21","modified_gmt":"2020-02-21T12:58:21","slug":"pagamento-de-funcionarios-e-antecipado-pela-prefeitura-de-camalau","status":"publish","type":"post","link":"https:\/\/www.caririemacao.com\/1\/2020\/02\/21\/pagamento-de-funcionarios-e-antecipado-pela-prefeitura-de-camalau\/","title":{"rendered":"Pagamento de funcion\u00e1rios \u00e9 antecipado pela prefeitura de Camala\u00fa"},"content":{"rendered":"\n<p>A prefeitura de Camala\u00fa adiantou o pagamento dos funcion\u00e1rios municipais, com o intuito dos foli\u00f5es camalauenses, aproveitarem os festejos carnavalescos da melhor forma poss\u00edvel. <\/p>\n\n\n\n<p>A festa carnavalesca come\u00e7a a partir desta sexta-feira, (21) e se estende at\u00e9 a pr\u00f3xima quarta, dia 26 fevereiro.<\/p>\n\n\n\n<p>\u201c\u00c9 motivo de satisfa\u00e7\u00e3o para n\u00f3s que fazemos parte do governo municipal poder antecipar o dinheiro na conta de nossos servidores a fim de garantir recursos para todos possam aproveitar o Carnaval 2020, o que com certeza \u00e9 garantia do fortalecimento do com\u00e9rcio de nossa cidade que neste per\u00edodo fica duas vezes mais aquecido com o fluxo de turistas visitando nossa Camala\u00fa\u201d disse o Prefeito Sandro M\u00f4co.\u00a0<\/p>\n\n\n\n<p>De acordo com o secretario de finan\u00e7as, o dinheiro j\u00e1 est\u00e1 dispon\u00edvel para saque.<\/p>\n\n\n\n<p><strong>Dia 21 de fevereiro<\/strong>\u00a0Centro Integrado de Educa\u00e7\u00e3o e Cultura16h Grito de Carnaval da Secretaria de Trabalho e Assist\u00eancia Social\u00a0Orquestra de frevo\u00a0\u00a0<\/p>\n\n\n\n<p><strong>Dia 22 fevereiro<\/strong>\u00a0Carnaval do Magno Supermercado\u00a015h Fubinha El\u00e9trico\u00a018h Dorgivan de Brito\u00a0\u00a0\u00a0<\/p>\n\n\n\n<p><strong>Dia 23 de Fevereiro<\/strong>\u00a0Balne\u00e1rio P\u00fablico\u00a012h Rafa Top\u00a015h Dj Marc\u00edlio\u00a017h Novo Som Mix\u00a0\u2013 Pra\u00e7a de eventos\u00a020h30 Bloco das Virgens\u00a021h Dorgivan Brito\u00a0\u00a0<\/p>\n\n\n\n<p><strong>Dia 24 de fevereiro<\/strong>\u00a0\u2013 Distrito do Pindur\u00e3o\u00a014h Fubinha El\u00e9trico\u00a017h Yure Tornado\u00a021h Claudeir Fernandes\u00a0\u2013 Balne\u00e1rio P\u00fablico\u00a012h Cezinha Atrevido\u00a015h Bedeu Quirino\u00a0Pra\u00e7a de eventos\u00a021h Claudeir Fernandes\u00a0\u00a0<\/p>\n\n\n\n<p><strong>Dia 25 de fevereiro<\/strong>\u00a0\u2013 Balne\u00e1rio P\u00fablico\u00a012h Alisson Levado\u00a015h Dod\u00f4 Press\u00e3o\u00a017h Pisada de Bar\u00e3o\u00a0\u2013 Pra\u00e7a de eventos\u00a020h Bloco da Saudade\u00a021h Patr\u00f5es El\u00e9trico\u00a0\u00a0<\/p>\n\n\n\n<p><strong>Dia 26 de fevereiro<\/strong>\u00a0\u2013 Festa dos Barraqueiros no Balne\u00e1rio\u00a012h Farra da Galera\u00a015 Fubinha El\u00e9trico<\/p>\n\n\n\n<p>informa\u00e7\u00f5es: Tvcariri<\/p>\n","protected":false},"excerpt":{"rendered":"<p>A prefeitura de Camala\u00fa adiantou o pagamento dos funcion\u00e1rios municipais, com o intuito dos foli\u00f5es camalauenses, aproveitarem os festejos carnavalescos da melhor forma poss\u00edvel. A&hellip; <\/p>\n","protected":false},"author":1,"featured_media":154504,"comment_status":"closed","ping_status":"closed","sticky":false,"template":"","format":"standard","meta":{"sfsi_plus_gutenberg_text_before_share":"","sfsi_plus_gutenberg_show_text_before_share":"","sfsi_plus_gutenberg_icon_type":"","sfsi_plus_gutenberg_icon_alignemt":"","sfsi_plus_gutenburg_max_per_row":"","footnotes":""},"categories":[6,50],"tags":[],"class_list":["post-154503","post","type-post","status-publish","format-standard","has-post-thumbnail","hentry","category-cidades","category-destaque"],"_links":{"self":[{"href":"https:\/\/www.caririemacao.com\/1\/wp-json\/wp\/v2\/posts\/154503","targetHints":{"allow":["GET"]}}],"collection":[{"href":"https:\/\/www.caririemacao.com\/1\/wp-json\/wp\/v2\/posts"}],"about":[{"href":"https:\/\/www.caririemacao.com\/1\/wp-json\/wp\/v2\/types\/post"}],"author":[{"embeddable":true,"href":"https:\/\/www.caririemacao.com\/1\/wp-json\/wp\/v2\/users\/1"}],"replies":[{"embeddable":true,"href":"https:\/\/www.caririemacao.com\/1\/wp-json\/wp\/v2\/comments?post=154503"}],"version-history":[{"count":2,"href":"https:\/\/www.caririemacao.com\/1\/wp-json\/wp\/v2\/posts\/154503\/revisions"}],"predecessor-version":[{"id":154506,"href":"https:\/\/www.caririemacao.com\/1\/wp-json\/wp\/v2\/posts\/154503\/revisions\/154506"}],"wp:featuredmedia":[{"embeddable":true,"href":"https:\/\/www.caririemacao.com\/1\/wp-json\/wp\/v2\/media\/154504"}],"wp:attachment":[{"href":"https:\/\/www.caririemacao.com\/1\/wp-json\/wp\/v2\/media?parent=154503"}],"wp:term":[{"taxonomy":"category","embeddable":true,"href":"https:\/\/www.caririemacao.com\/1\/wp-json\/wp\/v2\/categories?post=154503"},{"taxonomy":"post_tag","embeddable":true,"href":"https:\/\/www.caririemacao.com\/1\/wp-json\/wp\/v2\/tags?post=154503"}],"curies":[{"name":"wp","href":"https:\/\/api.w.org\/{rel}","templated":true}]}}