{"id":154524,"date":"2020-02-21T12:39:13","date_gmt":"2020-02-21T15:39:13","guid":{"rendered":"http:\/\/www.caririemacao.com\/1\/?p=154524"},"modified":"2020-02-21T12:39:18","modified_gmt":"2020-02-21T15:39:18","slug":"caraubas-prefeito-silvano-dudu-antecipa-pagamento-de-servidores-do-municipio","status":"publish","type":"post","link":"https:\/\/www.caririemacao.com\/1\/2020\/02\/21\/caraubas-prefeito-silvano-dudu-antecipa-pagamento-de-servidores-do-municipio\/","title":{"rendered":"Cara\u00fabas: prefeito Silvano Dudu antecipa pagamento de servidores do munic\u00edpio"},"content":{"rendered":"\n<p>O prefeito Silvano Dudu autorizou a secretaria de finan\u00e7as a promover a antecipa\u00e7\u00e3o salarial dos servidores p\u00fablicos municipais referente ao m\u00eas de Fevereiro de 2020. Normalmente, segundo o secret\u00e1rio de Finan\u00e7as, Silvio Fernandes, a FOPAG sempre foi paga dentro do m\u00eas trabalhado e no \u00faltimo dia \u00fatil de cada m\u00eas.<\/p>\n\n\n\n<p><br>Esse ano o prefeito Silvano Dudu se sensibilizou com a categoria e em virtude do carnaval determinou a SEFIN que realizasse a folha de pagamento de todos os servidores p\u00fablicos municipais com a finalidade que todos possam se divertir durante a programa\u00e7\u00e3o do carnaval folia 2020.<\/p>\n\n\n\n<p><br>&#8220;Estamos fazendo um grande esfor\u00e7o para manter a folha dentro do m\u00eas trabalhado e estamos conseguindo gra\u00e7as a compet\u00eancia do secret\u00e1rio Silvio Fernandes que n\u00e3o tem medido esfor\u00e7os para garantir, mesmo com a redu\u00e7\u00e3o de repasses de receita por parte do governo federal, a folha de servidores totalmente em dia&#8221;, afirmou o prefeito.<br><\/p>\n\n\n\n<p>O prefeito disse ainda que ganha n\u00e3o apenas o servidor p\u00fablico com a antecipa\u00e7\u00e3o do pagamento da folha, mas principalmente, o com\u00e9rcio local que se prepara para receber turistas e visitantes e a garantia da movimenta\u00e7\u00e3o da economia local, fazendo com se garanta o aumento da oferta de emprego e renda para mais pessoas, garantiu ele.<br><\/p>\n\n\n\n<p>Atualmente a folha de pessoal da Prefeitura de Cara\u00fabas esta or\u00e7ada em R$ 453.000,00 (Quatrocentos e Cinquenta e Tr\u00eas Mil Reais) distribu\u00eddos para 10(dez) secretarias existentes. Al\u00e9m da folha do m\u00eas tamb\u00e9m estamos pagando as f\u00e9rias dos servidores, a reajuste dos Agentes da Sa\u00fade e de Combate a Endemias, bem como, o reajuste de 13% da classe do magist\u00e9rio(professores) municipal, um compromisso que assumimos desde o primeiro dia do nosso mandato, concluiu o prefeito Silvano Dudu.<\/p>\n\n\n\n<p>Fonte: SEPLACOM<br>\nFoto: ARQUIVO SEPLACOM<\/p>\n","protected":false},"excerpt":{"rendered":"<p>O prefeito Silvano Dudu autorizou a secretaria de finan\u00e7as a promover a antecipa\u00e7\u00e3o salarial dos servidores p\u00fablicos municipais referente ao m\u00eas de Fevereiro de 2020.&hellip; <\/p>\n","protected":false},"author":1,"featured_media":154525,"comment_status":"closed","ping_status":"closed","sticky":false,"template":"","format":"standard","meta":{"sfsi_plus_gutenberg_text_before_share":"","sfsi_plus_gutenberg_show_text_before_share":"","sfsi_plus_gutenberg_icon_type":"","sfsi_plus_gutenberg_icon_alignemt":"","sfsi_plus_gutenburg_max_per_row":"","footnotes":""},"categories":[6,50],"tags":[],"class_list":["post-154524","post","type-post","status-publish","format-standard","has-post-thumbnail","hentry","category-cidades","category-destaque"],"_links":{"self":[{"href":"https:\/\/www.caririemacao.com\/1\/wp-json\/wp\/v2\/posts\/154524","targetHints":{"allow":["GET"]}}],"collection":[{"href":"https:\/\/www.caririemacao.com\/1\/wp-json\/wp\/v2\/posts"}],"about":[{"href":"https:\/\/www.caririemacao.com\/1\/wp-json\/wp\/v2\/types\/post"}],"author":[{"embeddable":true,"href":"https:\/\/www.caririemacao.com\/1\/wp-json\/wp\/v2\/users\/1"}],"replies":[{"embeddable":true,"href":"https:\/\/www.caririemacao.com\/1\/wp-json\/wp\/v2\/comments?post=154524"}],"version-history":[{"count":1,"href":"https:\/\/www.caririemacao.com\/1\/wp-json\/wp\/v2\/posts\/154524\/revisions"}],"predecessor-version":[{"id":154526,"href":"https:\/\/www.caririemacao.com\/1\/wp-json\/wp\/v2\/posts\/154524\/revisions\/154526"}],"wp:featuredmedia":[{"embeddable":true,"href":"https:\/\/www.caririemacao.com\/1\/wp-json\/wp\/v2\/media\/154525"}],"wp:attachment":[{"href":"https:\/\/www.caririemacao.com\/1\/wp-json\/wp\/v2\/media?parent=154524"}],"wp:term":[{"taxonomy":"category","embeddable":true,"href":"https:\/\/www.caririemacao.com\/1\/wp-json\/wp\/v2\/categories?post=154524"},{"taxonomy":"post_tag","embeddable":true,"href":"https:\/\/www.caririemacao.com\/1\/wp-json\/wp\/v2\/tags?post=154524"}],"curies":[{"name":"wp","href":"https:\/\/api.w.org\/{rel}","templated":true}]}}