{"id":154530,"date":"2020-02-21T13:16:39","date_gmt":"2020-02-21T16:16:39","guid":{"rendered":"http:\/\/www.caririemacao.com\/1\/?p=154530"},"modified":"2020-02-21T13:18:32","modified_gmt":"2020-02-21T16:18:32","slug":"paraiba-em-alerta-confirmado-segundo-caso-de-meningite-no-estado","status":"publish","type":"post","link":"https:\/\/www.caririemacao.com\/1\/2020\/02\/21\/paraiba-em-alerta-confirmado-segundo-caso-de-meningite-no-estado\/","title":{"rendered":"Para\u00edba em alerta: confirmado segundo caso de meningite no Estado"},"content":{"rendered":"\n<p><br>ASecretaria de Sa\u00fade do Estado da Para\u00edba confirmou mais um caso de meningite no Sert\u00e3o do Estado.<\/p>\n\n\n\n<p>Uma crian\u00e7a que reside no munic\u00edpio de S\u00e3o Jos\u00e9 de Piranhas foi internada no Hospital Universit\u00e1rio J\u00falio Bandeira (HUJB) em estado grave por causa da doen\u00e7a.<\/p>\n\n\n\n<figure class=\"wp-block-image\"><img decoding=\"async\" data-src=\"https:\/\/paraibaonline.com.br\/wp-content\/uploads\/2020\/02\/hospital-patos2102.jpg\" alt=\"Foto: Secom\/Patos\" class=\"wp-image-838811 lazyload\" src=\"data:image\/svg+xml;base64,PHN2ZyB3aWR0aD0iMSIgaGVpZ2h0PSIxIiB4bWxucz0iaHR0cDovL3d3dy53My5vcmcvMjAwMC9zdmciPjwvc3ZnPg==\" \/><\/figure>\n\n\n\n<p>Foto: Secom\/Patos<\/p>\n\n\n\n<p>A menina foi transferida para a UTI do Hospital Infantil de Patos.<\/p>\n\n\n\n<p>Recentemente, uma crian\u00e7a de 8 anos de idade faleceu com meningite na cidade de Cajazeiras.<\/p>\n\n\n\n<p>A&nbsp;meningite&nbsp;\u00e9 uma infec\u00e7\u00e3o das membranas que recobrem o c\u00e9rebro (as meninges), que afeta toda a regi\u00e3o e dificulta o transporte de oxig\u00eanio \u00e0s c\u00e9lulas do corpo.<\/p>\n\n\n\n<p>Os&nbsp;sintomas da doen\u00e7a s\u00e3o dor de cabe\u00e7a e na nuca, rigidez no pesco\u00e7o, febre e v\u00f4mito.<\/p>\n","protected":false},"excerpt":{"rendered":"<p>ASecretaria de Sa\u00fade do Estado da Para\u00edba confirmou mais um caso de meningite no Sert\u00e3o do Estado. Uma crian\u00e7a que reside no munic\u00edpio de S\u00e3o&hellip; <\/p>\n","protected":false},"author":2,"featured_media":87147,"comment_status":"closed","ping_status":"closed","sticky":false,"template":"","format":"standard","meta":{"sfsi_plus_gutenberg_text_before_share":"","sfsi_plus_gutenberg_show_text_before_share":"","sfsi_plus_gutenberg_icon_type":"","sfsi_plus_gutenberg_icon_alignemt":"","sfsi_plus_gutenburg_max_per_row":"","footnotes":""},"categories":[50,16],"tags":[],"class_list":["post-154530","post","type-post","status-publish","format-standard","has-post-thumbnail","hentry","category-destaque","category-saude"],"_links":{"self":[{"href":"https:\/\/www.caririemacao.com\/1\/wp-json\/wp\/v2\/posts\/154530","targetHints":{"allow":["GET"]}}],"collection":[{"href":"https:\/\/www.caririemacao.com\/1\/wp-json\/wp\/v2\/posts"}],"about":[{"href":"https:\/\/www.caririemacao.com\/1\/wp-json\/wp\/v2\/types\/post"}],"author":[{"embeddable":true,"href":"https:\/\/www.caririemacao.com\/1\/wp-json\/wp\/v2\/users\/2"}],"replies":[{"embeddable":true,"href":"https:\/\/www.caririemacao.com\/1\/wp-json\/wp\/v2\/comments?post=154530"}],"version-history":[{"count":1,"href":"https:\/\/www.caririemacao.com\/1\/wp-json\/wp\/v2\/posts\/154530\/revisions"}],"predecessor-version":[{"id":154531,"href":"https:\/\/www.caririemacao.com\/1\/wp-json\/wp\/v2\/posts\/154530\/revisions\/154531"}],"wp:featuredmedia":[{"embeddable":true,"href":"https:\/\/www.caririemacao.com\/1\/wp-json\/wp\/v2\/media\/87147"}],"wp:attachment":[{"href":"https:\/\/www.caririemacao.com\/1\/wp-json\/wp\/v2\/media?parent=154530"}],"wp:term":[{"taxonomy":"category","embeddable":true,"href":"https:\/\/www.caririemacao.com\/1\/wp-json\/wp\/v2\/categories?post=154530"},{"taxonomy":"post_tag","embeddable":true,"href":"https:\/\/www.caririemacao.com\/1\/wp-json\/wp\/v2\/tags?post=154530"}],"curies":[{"name":"wp","href":"https:\/\/api.w.org\/{rel}","templated":true}]}}