{"id":154538,"date":"2020-02-21T13:19:32","date_gmt":"2020-02-21T16:19:32","guid":{"rendered":"http:\/\/www.caririemacao.com\/1\/?p=154538"},"modified":"2020-02-21T13:19:34","modified_gmt":"2020-02-21T16:19:34","slug":"dolar-opera-em-alta-e-bate-r-440-pela-1a-vez-na-historia","status":"publish","type":"post","link":"https:\/\/www.caririemacao.com\/1\/2020\/02\/21\/dolar-opera-em-alta-e-bate-r-440-pela-1a-vez-na-historia\/","title":{"rendered":"D\u00f3lar opera em alta e bate R$ 4,40 pela 1\u00aa vez na hist\u00f3ria"},"content":{"rendered":"\n<p>O d\u00f3lar opera em alta nesta sexta-feira (21), batendo logo na abertura, pela primeira vez na hist\u00f3ria, o patamar de R$ 4,40.<\/p>\n\n\n\n<p>\u00c0s 10h26, a moeda norte-americana era negociada a R$ 4,3990 na venda, em alta de 0,17%. Na m\u00e1xima at\u00e9 o momento chegou a R$ 4,4061.&nbsp;<\/p>\n\n\n\n<p>J\u00e1 o d\u00f3lar turismo era negociado a R$ 4,6056, sem considerar a cobran\u00e7a de IOF (Imposto sobre Opera\u00e7\u00f5es Financeiras).<\/p>\n\n\n\n<p>Na sess\u00e3o anterior, o d\u00f3lar encerrou o dia vendida a R$ 4,3917, em alta de 0,61%, marcando novo recorde nominal (sem considerar a infla\u00e7\u00e3o) de fechamento. Na m\u00e1xima do dia, chegou a R$ 4,3982 \u2013 maior cota\u00e7\u00e3o nominal intradia at\u00e9 ent\u00e3o, segundo dados do ValorPro.<\/p>\n\n\n\n<p>Na parcial do m\u00eas, o d\u00f3lar acumulou at\u00e9 a v\u00e9spera alta de 2,49%. No ano, o avan\u00e7o chega a 9,52%.<\/p>\n\n\n\n<p>No exterior, a cautela continuava pautando os mercado, com investidores de olho no impacto econ\u00f4mico do surto de coronav\u00edrus da China e na economia global.<\/p>\n\n\n\n<p>Nesta sexta-feira, a comiss\u00e3o de sa\u00fade da prov\u00edncia chinesa de Hubei revisou para cima o n\u00famero de casos confirmados para dar conta de um relat\u00f3rio do departamento penitenci\u00e1rio. Al\u00e9m disso, a Coreia do Sul registrou mais casos da doen\u00e7a.<\/p>\n\n\n\n<p>O surto j\u00e1 matou mais de 2 mil pessoas at\u00e9 o momento e interrompeu a atividade industrial da China, causando perturba\u00e7\u00f5es para v\u00e1rios fabricantes no mundo.<\/p>\n\n\n\n<p>O fim de semana prolongado no Brasil em raz\u00e3o do Carnaval, com os bancos e B3 reabrindo apenas na quarta-feira, enquanto as pra\u00e7as financeiras funcionam no exterior, corrobora o tom mais cauteloso.<\/p>\n\n\n\n<p>Na v\u00e9spera, o ministro da Economia, Paulo Guedes, repetiu em evento mais cedo nesta quinta que o novo normal \u00e9 um c\u00e2mbio mais desvalorizado, em declara\u00e7\u00e3o feita na presen\u00e7a do presidente do Banco Central, Roberto Campos Neto, que dois dias atr\u00e1s disse que o BC est\u00e1 &#8220;tranquilo&#8221; com o c\u00e2mbio uma vez que n\u00e3o tem havido impactos sobre a infla\u00e7\u00e3o.<\/p>\n\n\n\n<p><strong>O que explica as altas recentes<\/strong><br>Al\u00e9m das preocupa\u00e7\u00f5es sobre o impacto do coronav\u00edrus na economia global, o d\u00f3lar mais valorizado nas \u00faltimas semanas tem refletido os juros em m\u00ednimas hist\u00f3ricas no Brasil e as perspectivas sobre o ritmo de crescimento da economia brasileira e andamento das reformas.<\/p>\n\n\n\n<p>Diversas institui\u00e7\u00f5es financeiras t\u00eam revisado para baixo suas perspectivas para o crescimento econ\u00f4mico em 2020 na esteira da dissemina\u00e7\u00e3o do novo coronav\u00edrus e da percep\u00e7\u00e3o de uma lentid\u00e3o um pouco maior que o esperado no ritmo de crescimento neste in\u00edcio de ano.<\/p>\n\n\n\n<p>O mercado brasileiro reduziu para 2,23% a previs\u00e3o a alta do PIB em 2020, segundo pesquisa Focus divulgada na segunda-feira, mas diversos bancos e consultorias j\u00e1 estimam um crescimento de, no m\u00e1ximo, 2%.<\/p>\n\n\n\n<p>A redu\u00e7\u00e3o sucessiva da Selic desde julho de 2019 tamb\u00e9m contribui para uma maior desvaloriza\u00e7\u00e3o do real ante o d\u00f3lar. Isso porque diminuiu ainda mais o diferencial de juros entre Brasil e outros pares emergentes, o que pode tornar o investimento no pa\u00eds menos atrativo para estrangeiros e gerar um fluxo de sa\u00edda de d\u00f3lar.<\/p>\n","protected":false},"excerpt":{"rendered":"<p>O d\u00f3lar opera em alta nesta sexta-feira (21), batendo logo na abertura, pela primeira vez na hist\u00f3ria, o patamar de R$ 4,40. \u00c0s 10h26, a&hellip; <\/p>\n","protected":false},"author":2,"featured_media":106539,"comment_status":"closed","ping_status":"closed","sticky":false,"template":"","format":"standard","meta":{"sfsi_plus_gutenberg_text_before_share":"","sfsi_plus_gutenberg_show_text_before_share":"","sfsi_plus_gutenberg_icon_type":"","sfsi_plus_gutenberg_icon_alignemt":"","sfsi_plus_gutenburg_max_per_row":"","footnotes":""},"categories":[2],"tags":[],"class_list":["post-154538","post","type-post","status-publish","format-standard","has-post-thumbnail","hentry","category-geral"],"_links":{"self":[{"href":"https:\/\/www.caririemacao.com\/1\/wp-json\/wp\/v2\/posts\/154538","targetHints":{"allow":["GET"]}}],"collection":[{"href":"https:\/\/www.caririemacao.com\/1\/wp-json\/wp\/v2\/posts"}],"about":[{"href":"https:\/\/www.caririemacao.com\/1\/wp-json\/wp\/v2\/types\/post"}],"author":[{"embeddable":true,"href":"https:\/\/www.caririemacao.com\/1\/wp-json\/wp\/v2\/users\/2"}],"replies":[{"embeddable":true,"href":"https:\/\/www.caririemacao.com\/1\/wp-json\/wp\/v2\/comments?post=154538"}],"version-history":[{"count":1,"href":"https:\/\/www.caririemacao.com\/1\/wp-json\/wp\/v2\/posts\/154538\/revisions"}],"predecessor-version":[{"id":154539,"href":"https:\/\/www.caririemacao.com\/1\/wp-json\/wp\/v2\/posts\/154538\/revisions\/154539"}],"wp:featuredmedia":[{"embeddable":true,"href":"https:\/\/www.caririemacao.com\/1\/wp-json\/wp\/v2\/media\/106539"}],"wp:attachment":[{"href":"https:\/\/www.caririemacao.com\/1\/wp-json\/wp\/v2\/media?parent=154538"}],"wp:term":[{"taxonomy":"category","embeddable":true,"href":"https:\/\/www.caririemacao.com\/1\/wp-json\/wp\/v2\/categories?post=154538"},{"taxonomy":"post_tag","embeddable":true,"href":"https:\/\/www.caririemacao.com\/1\/wp-json\/wp\/v2\/tags?post=154538"}],"curies":[{"name":"wp","href":"https:\/\/api.w.org\/{rel}","templated":true}]}}