{"id":154543,"date":"2020-02-21T13:23:10","date_gmt":"2020-02-21T16:23:10","guid":{"rendered":"http:\/\/www.caririemacao.com\/1\/?p=154543"},"modified":"2020-02-21T13:23:11","modified_gmt":"2020-02-21T16:23:11","slug":"oposicao-de-monteiro-cria-fake-news-sobre-construcao-da-nova-sede-da-7a-ciretran","status":"publish","type":"post","link":"https:\/\/www.caririemacao.com\/1\/2020\/02\/21\/oposicao-de-monteiro-cria-fake-news-sobre-construcao-da-nova-sede-da-7a-ciretran\/","title":{"rendered":"Oposi\u00e7\u00e3o de Monteiro cria fake News sobre constru\u00e7\u00e3o da nova sede da 7\u00aa Ciretran"},"content":{"rendered":"\n<p>A oposi\u00e7\u00e3o de Monteiro, atrav\u00e9s de um blog de not\u00edcias ligado ao grupo oposicionista liderado pelo casal Henrique, tem distorcido a informa\u00e7\u00e3o sobre a constru\u00e7\u00e3o da nova sede da 7\u00aa CIRETRAN \u2013 Circunscri\u00e7\u00e3o Regional de Tr\u00e2nsito, em Monteiro, assegurada gra\u00e7as ao empenho da Prefeita Anna Lorena junto ao DETRAN-PB e ao Governador Jo\u00e3o Azevedo.<\/p>\n\n\n\n<p>O portal de not\u00edcias, que conforme j\u00e1 divulgado anteriormente, mant\u00e9m v\u00ednculo com o Gabinete da deputada federal Edna Henrique (<strong><a href=\"https:\/\/www.vitrinedocariri.com.br\/2019\/08\/proprietario-de-site-que-ataca-gestao-de-monteiro-recebe-r-4-mil-do-gabinete-de-edna-henrique\/\">relembre aqui<\/a><\/strong>), afirma em seu t\u00edtulo que a prefeita anunciou a instala\u00e7\u00e3o da CIRETRAN em Monteiro e que isso iria acarretar em mudan\u00e7as para a popula\u00e7\u00e3o.<\/p>\n\n\n\n<p>Acontece que a 7\u00aa CIRETRAN j\u00e1 funciona h\u00e1 anos em Monteiro em um pr\u00e9dio no centro da cidade, que atualmente n\u00e3o comporta mais os servi\u00e7os oferecidos a Monteiro e regi\u00e3o, e para garantir um melhor funcionamento e amplia\u00e7\u00e3o dos servi\u00e7os, uma nova sede ser\u00e1 constru\u00edda pelo DETRAN. Com a amplia\u00e7\u00e3o dos servi\u00e7os com a nova sede da 7\u00aa Ciretran, a popula\u00e7\u00e3o n\u00e3o precisar\u00e1 recorrer a centros como Campina Grande para a resolu\u00e7\u00e3o de quest\u00f5es ligadas ao \u00f3rg\u00e3o.<\/p>\n\n\n\n<p>N\u00e3o se sabe se por falta de informa\u00e7\u00e3o, j\u00e1 que os respons\u00e1veis pela comunica\u00e7\u00e3o do grupo de oposi\u00e7\u00e3o n\u00e3o s\u00e3o de Monteiro e pouco conhecem a cidade, propagaram que iria ser instalada uma unidade da Ciretran em Monteiro, onde na verdade j\u00e1 existe na cidade, e criam um fake News na tentativa de induzir a popula\u00e7\u00e3o que esta importante a\u00e7\u00e3o ir\u00e1 prejudicar a cidade.<\/p>\n\n\n\n<p>Nos bastidores da pol\u00edtica, o coment\u00e1rio \u00e9 que a realiza\u00e7\u00e3o de uma pesquisa de consumo interno feito pelo grupo de oposi\u00e7\u00e3o n\u00e3o teria trazido bons resultados para o grupo, o que tem motivado o aumento na propaga\u00e7\u00e3o de \u00f3dio, mentiras e ataques contra a Prefeita Anna Lorena, a gest\u00e3o municipal e aos aliados.<\/p>\n","protected":false},"excerpt":{"rendered":"<p>A oposi\u00e7\u00e3o de Monteiro, atrav\u00e9s de um blog de not\u00edcias ligado ao grupo oposicionista liderado pelo casal Henrique, tem distorcido a informa\u00e7\u00e3o sobre a constru\u00e7\u00e3o&hellip; <\/p>\n","protected":false},"author":2,"featured_media":128598,"comment_status":"closed","ping_status":"closed","sticky":false,"template":"","format":"standard","meta":{"sfsi_plus_gutenberg_text_before_share":"","sfsi_plus_gutenberg_show_text_before_share":"","sfsi_plus_gutenberg_icon_type":"","sfsi_plus_gutenberg_icon_alignemt":"","sfsi_plus_gutenburg_max_per_row":"","footnotes":""},"categories":[6],"tags":[],"class_list":["post-154543","post","type-post","status-publish","format-standard","has-post-thumbnail","hentry","category-cidades"],"_links":{"self":[{"href":"https:\/\/www.caririemacao.com\/1\/wp-json\/wp\/v2\/posts\/154543","targetHints":{"allow":["GET"]}}],"collection":[{"href":"https:\/\/www.caririemacao.com\/1\/wp-json\/wp\/v2\/posts"}],"about":[{"href":"https:\/\/www.caririemacao.com\/1\/wp-json\/wp\/v2\/types\/post"}],"author":[{"embeddable":true,"href":"https:\/\/www.caririemacao.com\/1\/wp-json\/wp\/v2\/users\/2"}],"replies":[{"embeddable":true,"href":"https:\/\/www.caririemacao.com\/1\/wp-json\/wp\/v2\/comments?post=154543"}],"version-history":[{"count":1,"href":"https:\/\/www.caririemacao.com\/1\/wp-json\/wp\/v2\/posts\/154543\/revisions"}],"predecessor-version":[{"id":154544,"href":"https:\/\/www.caririemacao.com\/1\/wp-json\/wp\/v2\/posts\/154543\/revisions\/154544"}],"wp:featuredmedia":[{"embeddable":true,"href":"https:\/\/www.caririemacao.com\/1\/wp-json\/wp\/v2\/media\/128598"}],"wp:attachment":[{"href":"https:\/\/www.caririemacao.com\/1\/wp-json\/wp\/v2\/media?parent=154543"}],"wp:term":[{"taxonomy":"category","embeddable":true,"href":"https:\/\/www.caririemacao.com\/1\/wp-json\/wp\/v2\/categories?post=154543"},{"taxonomy":"post_tag","embeddable":true,"href":"https:\/\/www.caririemacao.com\/1\/wp-json\/wp\/v2\/tags?post=154543"}],"curies":[{"name":"wp","href":"https:\/\/api.w.org\/{rel}","templated":true}]}}