{"id":154547,"date":"2020-02-21T15:17:04","date_gmt":"2020-02-21T18:17:04","guid":{"rendered":"http:\/\/www.caririemacao.com\/1\/?p=154547"},"modified":"2020-02-21T15:17:06","modified_gmt":"2020-02-21T18:17:06","slug":"secretaria-de-saude-de-ouro-velho-realizara-distribuicao-de-preservativos-no-carnaval","status":"publish","type":"post","link":"https:\/\/www.caririemacao.com\/1\/2020\/02\/21\/secretaria-de-saude-de-ouro-velho-realizara-distribuicao-de-preservativos-no-carnaval\/","title":{"rendered":"Secret\u00e1ria de Sa\u00fade de Ouro Velho realizar\u00e1 distribui\u00e7\u00e3o de preservativos no Carnaval"},"content":{"rendered":"\n<p>A Prefeitura Municipal de Ouro Velho, atrav\u00e9s da Secretaria Municipal de Sa\u00fade, est\u00e1 realizando a distribui\u00e7\u00e3o de preservativos no per\u00edodo do carnaval.<\/p>\n\n\n\n<p>Durante os dias de folia a Secretaria far\u00e1 a distribui\u00e7\u00e3o de preservativos para conscientiza\u00e7\u00e3o, tendo como objetivo de refor\u00e7ar as a\u00e7\u00f5es de preven\u00e7\u00e3o as doen\u00e7as sexualmente transmiss\u00edveis durante o per\u00edodo de carnaval.<\/p>\n\n\n\n<p>Dois pontos de distribui\u00e7\u00e3o este ano ser\u00e3o entregues, no Cant\u00e1guas e no Cajueiro Bar, onde acontecer\u00e3o as festividades carnavalescas. O objetivo \u00e9 informar e conscientizar a popula\u00e7\u00e3o sexualmente ativa sobre diversas formas de preven\u00e7\u00e3o.<\/p>\n\n\n\n<p>Nesta \u00e9poca do ano \u00e9 muito comum as pessoas, sobretudo os jovens, ficarem expostos por conta do uso excessivo de \u00e1lcool ou at\u00e9 droga. A rela\u00e7\u00e3o sexual desprotegida, em grande parte dos casos, acaba sendo uma consequ\u00eancia desta situa\u00e7\u00e3o.<\/p>\n\n\n\n<p>A Secret\u00e1ria de Sa\u00fade Liudmila Nunes, falou sobre a import\u00e2ncia da distribui\u00e7\u00e3o de preservativos no carnaval. A \u00fanica forma de fazer a popula\u00e7\u00e3o usar o preservativo para sua pr\u00f3pria preven\u00e7\u00e3o \u00e9 tentando conscientizar, conversando e explicando. Aos poucos as pessoas v\u00e3o tornando -se mais consciente, gra\u00e7as ao maravilhoso trabalho da equipe de Sa\u00fade.<\/p>\n","protected":false},"excerpt":{"rendered":"<p>A Prefeitura Municipal de Ouro Velho, atrav\u00e9s da Secretaria Municipal de Sa\u00fade, est\u00e1 realizando a distribui\u00e7\u00e3o de preservativos no per\u00edodo do carnaval. Durante os dias&hellip; <\/p>\n","protected":false},"author":2,"featured_media":154548,"comment_status":"closed","ping_status":"closed","sticky":false,"template":"","format":"standard","meta":{"sfsi_plus_gutenberg_text_before_share":"","sfsi_plus_gutenberg_show_text_before_share":"","sfsi_plus_gutenberg_icon_type":"","sfsi_plus_gutenberg_icon_alignemt":"","sfsi_plus_gutenburg_max_per_row":"","footnotes":""},"categories":[2],"tags":[],"class_list":["post-154547","post","type-post","status-publish","format-standard","has-post-thumbnail","hentry","category-geral"],"_links":{"self":[{"href":"https:\/\/www.caririemacao.com\/1\/wp-json\/wp\/v2\/posts\/154547","targetHints":{"allow":["GET"]}}],"collection":[{"href":"https:\/\/www.caririemacao.com\/1\/wp-json\/wp\/v2\/posts"}],"about":[{"href":"https:\/\/www.caririemacao.com\/1\/wp-json\/wp\/v2\/types\/post"}],"author":[{"embeddable":true,"href":"https:\/\/www.caririemacao.com\/1\/wp-json\/wp\/v2\/users\/2"}],"replies":[{"embeddable":true,"href":"https:\/\/www.caririemacao.com\/1\/wp-json\/wp\/v2\/comments?post=154547"}],"version-history":[{"count":1,"href":"https:\/\/www.caririemacao.com\/1\/wp-json\/wp\/v2\/posts\/154547\/revisions"}],"predecessor-version":[{"id":154549,"href":"https:\/\/www.caririemacao.com\/1\/wp-json\/wp\/v2\/posts\/154547\/revisions\/154549"}],"wp:featuredmedia":[{"embeddable":true,"href":"https:\/\/www.caririemacao.com\/1\/wp-json\/wp\/v2\/media\/154548"}],"wp:attachment":[{"href":"https:\/\/www.caririemacao.com\/1\/wp-json\/wp\/v2\/media?parent=154547"}],"wp:term":[{"taxonomy":"category","embeddable":true,"href":"https:\/\/www.caririemacao.com\/1\/wp-json\/wp\/v2\/categories?post=154547"},{"taxonomy":"post_tag","embeddable":true,"href":"https:\/\/www.caririemacao.com\/1\/wp-json\/wp\/v2\/tags?post=154547"}],"curies":[{"name":"wp","href":"https:\/\/api.w.org\/{rel}","templated":true}]}}