{"id":154550,"date":"2020-02-21T15:19:24","date_gmt":"2020-02-21T18:19:24","guid":{"rendered":"http:\/\/www.caririemacao.com\/1\/?p=154550"},"modified":"2020-02-21T15:19:26","modified_gmt":"2020-02-21T18:19:26","slug":"brasil-tem-apenas-um-caso-suspeito-do-coronavirus","status":"publish","type":"post","link":"https:\/\/www.caririemacao.com\/1\/2020\/02\/21\/brasil-tem-apenas-um-caso-suspeito-do-coronavirus\/","title":{"rendered":"Brasil tem apenas um caso suspeito do coronav\u00edrus"},"content":{"rendered":"\n<p>O Brasil tem, atualmente, apenas um caso suspeito do novo coronav\u00edrus (Covid-19). Trata-se de uma crian\u00e7a de 2 anos de idade, em S\u00e3o Paulo, considerada suspeita desde ontem (19) por ter um hist\u00f3rico de viagem \u00e0 China, mas n\u00e3o \u00e0 Wuhan, o epicentro da contamina\u00e7\u00e3o. A informa\u00e7\u00e3o foi dada por representantes do Minist\u00e9rio da Sa\u00fade, na tarde de hoje (20), em Bras\u00edlia.<\/p>\n\n\n\n<p>O minist\u00e9rio, no entanto, continua atento ao surto ocorrido na China e trabalha com a possibilidade de aumento dos casos suspeitos, principalmente a partir do final de abril, quando as doen\u00e7as respirat\u00f3rias come\u00e7am a aparecer no pa\u00eds.<\/p>\n\n\n\n<p>De acordo com o secret\u00e1rio de Vigil\u00e2ncia em Sa\u00fade do minist\u00e9rio, Wanderson de Oliveira, existe uma s\u00e9rie de circunst\u00e2ncias que freiam o aparecimento de v\u00e1rios casos suspeitos, como a quarentena imposta na China, o fato do Brasil estar no ver\u00e3o e n\u00e3o termos voos diretos para aquele pa\u00eds. Mas um aumento n\u00e3o \u00e9 descartado.<\/p>\n\n\n\n<p>\u201cN\u00e3o quer dizer que n\u00e3o possa aumentar. Podemos ter mudan\u00e7as de defini\u00e7\u00e3o de casos no futuro se um outro pa\u00eds entrar como \u00e1rea e transmiss\u00e3o ocidental. \u00c9 muito din\u00e2mico e prematuro dizer que vai continuar baixo\u201d, disse.<\/p>\n\n\n\n<p>Segundo o minist\u00e9rio, os exames t\u00eam sido feitos com maior celeridade e, com isso, casos considerados suspeitos s\u00e3o descartados rapidamente e sequer entram no balan\u00e7o di\u00e1rio da pasta.<\/p>\n\n\n\n<p>Ainda n\u00e3o existe nenhum caso confirmado na Am\u00e9rica do Sul. At\u00e9 o momento, 75.778 casos foram contabilizados no mundo, conforme dados da Universidade Johns Hopkins, dos Estados Unidos. S\u00f3 a China re\u00fane 74,5 mil casos.<\/p>\n","protected":false},"excerpt":{"rendered":"<p>O Brasil tem, atualmente, apenas um caso suspeito do novo coronav\u00edrus (Covid-19). Trata-se de uma crian\u00e7a de 2 anos de idade, em S\u00e3o Paulo, considerada&hellip; <\/p>\n","protected":false},"author":2,"featured_media":154551,"comment_status":"closed","ping_status":"closed","sticky":false,"template":"","format":"standard","meta":{"sfsi_plus_gutenberg_text_before_share":"","sfsi_plus_gutenberg_show_text_before_share":"","sfsi_plus_gutenberg_icon_type":"","sfsi_plus_gutenberg_icon_alignemt":"","sfsi_plus_gutenburg_max_per_row":"","footnotes":""},"categories":[16],"tags":[],"class_list":["post-154550","post","type-post","status-publish","format-standard","has-post-thumbnail","hentry","category-saude"],"_links":{"self":[{"href":"https:\/\/www.caririemacao.com\/1\/wp-json\/wp\/v2\/posts\/154550","targetHints":{"allow":["GET"]}}],"collection":[{"href":"https:\/\/www.caririemacao.com\/1\/wp-json\/wp\/v2\/posts"}],"about":[{"href":"https:\/\/www.caririemacao.com\/1\/wp-json\/wp\/v2\/types\/post"}],"author":[{"embeddable":true,"href":"https:\/\/www.caririemacao.com\/1\/wp-json\/wp\/v2\/users\/2"}],"replies":[{"embeddable":true,"href":"https:\/\/www.caririemacao.com\/1\/wp-json\/wp\/v2\/comments?post=154550"}],"version-history":[{"count":1,"href":"https:\/\/www.caririemacao.com\/1\/wp-json\/wp\/v2\/posts\/154550\/revisions"}],"predecessor-version":[{"id":154552,"href":"https:\/\/www.caririemacao.com\/1\/wp-json\/wp\/v2\/posts\/154550\/revisions\/154552"}],"wp:featuredmedia":[{"embeddable":true,"href":"https:\/\/www.caririemacao.com\/1\/wp-json\/wp\/v2\/media\/154551"}],"wp:attachment":[{"href":"https:\/\/www.caririemacao.com\/1\/wp-json\/wp\/v2\/media?parent=154550"}],"wp:term":[{"taxonomy":"category","embeddable":true,"href":"https:\/\/www.caririemacao.com\/1\/wp-json\/wp\/v2\/categories?post=154550"},{"taxonomy":"post_tag","embeddable":true,"href":"https:\/\/www.caririemacao.com\/1\/wp-json\/wp\/v2\/tags?post=154550"}],"curies":[{"name":"wp","href":"https:\/\/api.w.org\/{rel}","templated":true}]}}