{"id":154553,"date":"2020-02-21T15:21:21","date_gmt":"2020-02-21T18:21:21","guid":{"rendered":"http:\/\/www.caririemacao.com\/1\/?p=154553"},"modified":"2020-02-21T15:21:23","modified_gmt":"2020-02-21T18:21:23","slug":"confira-o-funcionamento-de-servicos-e-reparticoes-durante-o-carnaval-em-sume","status":"publish","type":"post","link":"https:\/\/www.caririemacao.com\/1\/2020\/02\/21\/confira-o-funcionamento-de-servicos-e-reparticoes-durante-o-carnaval-em-sume\/","title":{"rendered":"Confira o funcionamento de servi\u00e7os e reparti\u00e7\u00f5es durante o Carnaval em Sum\u00e9"},"content":{"rendered":"\n<p>De acordo com o decreto do prefeito \u00c9den Duarte, as reparti\u00e7\u00f5es direta e indireta da administra\u00e7\u00e3o municipal ficar\u00e3o fechadas dias 24, 25 e 26 de fevereiro, segunda, ter\u00e7a e quarta-feira, respectivamente, sendo preservados somente os servi\u00e7os essenciais como Hospital e Maternidade Alice de Almeida,&nbsp;coleta de lixo e Conselho Tutelar.<\/p>\n\n\n\n<p>A realiza\u00e7\u00e3o da feira livre no Mercado P\u00fablico tamb\u00e9m permanece na segunda-feira (24).<\/p>\n\n\n\n<p>O expediente da Prefeitura e de seus \u00f3rg\u00e3os voltam ao funcionamento normal na quinta-feira (27)<\/p>\n\n\n\n<p>J\u00e1 no governo do estado nos dias 24 e 25 de fevereiro, segunda e ter\u00e7a-feira de Carnaval, respectivamente, as reparti\u00e7\u00f5es p\u00fablicas da Administra\u00e7\u00e3o Direta e Indireta do Poder Executivo estar\u00e3o fechadas em toda a Para\u00edba.<\/p>\n\n\n\n<p>O expediente da Quarta-feira de Cinzas (26) ser\u00e1 facultativo apenas at\u00e9 o meio-dia.<\/p>\n\n\n\n<p>As ag\u00eancias banc\u00e1rias ficar\u00e3o fechadas durante o&nbsp;<a href=\"https:\/\/g1.globo.com\/carnaval\/2020\/\">carnaval<\/a>, segundo a Federa\u00e7\u00e3o Brasileira de Bancos (Febraban).<\/p>\n\n\n\n<p>N\u00e3o haver\u00e1 atendimento na segunda (24) nem na ter\u00e7a-feira (25).<\/p>\n\n\n\n<p>Quem precisar de atendimento presencial s\u00f3 vai encontrar portas abertas a partir das 12h da quarta-feira de Cinzas.<\/p>\n\n\n\n<p>A Febraban lembra que as contas de consumo (\u00e1gua, energia, telefone etc.) e carn\u00eas com vencimento em 24 ou 25 de fevereiro poder\u00e3o ser pagos, sem acr\u00e9scimo, na quarta-feira (26).<\/p>\n\n\n\n<p><strong><em>Not\u00edcias em Destaque<\/em><\/strong><\/p>\n","protected":false},"excerpt":{"rendered":"<p>De acordo com o decreto do prefeito \u00c9den Duarte, as reparti\u00e7\u00f5es direta e indireta da administra\u00e7\u00e3o municipal ficar\u00e3o fechadas dias 24, 25 e 26 de&hellip; <\/p>\n","protected":false},"author":2,"featured_media":154554,"comment_status":"closed","ping_status":"closed","sticky":false,"template":"","format":"standard","meta":{"sfsi_plus_gutenberg_text_before_share":"","sfsi_plus_gutenberg_show_text_before_share":"","sfsi_plus_gutenberg_icon_type":"","sfsi_plus_gutenberg_icon_alignemt":"","sfsi_plus_gutenburg_max_per_row":"","footnotes":""},"categories":[50,2],"tags":[],"class_list":["post-154553","post","type-post","status-publish","format-standard","has-post-thumbnail","hentry","category-destaque","category-geral"],"_links":{"self":[{"href":"https:\/\/www.caririemacao.com\/1\/wp-json\/wp\/v2\/posts\/154553","targetHints":{"allow":["GET"]}}],"collection":[{"href":"https:\/\/www.caririemacao.com\/1\/wp-json\/wp\/v2\/posts"}],"about":[{"href":"https:\/\/www.caririemacao.com\/1\/wp-json\/wp\/v2\/types\/post"}],"author":[{"embeddable":true,"href":"https:\/\/www.caririemacao.com\/1\/wp-json\/wp\/v2\/users\/2"}],"replies":[{"embeddable":true,"href":"https:\/\/www.caririemacao.com\/1\/wp-json\/wp\/v2\/comments?post=154553"}],"version-history":[{"count":1,"href":"https:\/\/www.caririemacao.com\/1\/wp-json\/wp\/v2\/posts\/154553\/revisions"}],"predecessor-version":[{"id":154555,"href":"https:\/\/www.caririemacao.com\/1\/wp-json\/wp\/v2\/posts\/154553\/revisions\/154555"}],"wp:featuredmedia":[{"embeddable":true,"href":"https:\/\/www.caririemacao.com\/1\/wp-json\/wp\/v2\/media\/154554"}],"wp:attachment":[{"href":"https:\/\/www.caririemacao.com\/1\/wp-json\/wp\/v2\/media?parent=154553"}],"wp:term":[{"taxonomy":"category","embeddable":true,"href":"https:\/\/www.caririemacao.com\/1\/wp-json\/wp\/v2\/categories?post=154553"},{"taxonomy":"post_tag","embeddable":true,"href":"https:\/\/www.caririemacao.com\/1\/wp-json\/wp\/v2\/tags?post=154553"}],"curies":[{"name":"wp","href":"https:\/\/api.w.org\/{rel}","templated":true}]}}