{"id":154559,"date":"2020-02-21T15:27:53","date_gmt":"2020-02-21T18:27:53","guid":{"rendered":"http:\/\/www.caririemacao.com\/1\/?p=154559"},"modified":"2020-02-21T15:27:55","modified_gmt":"2020-02-21T18:27:55","slug":"cdsa-forma-77-novos-profissionais-em-colacao-de-grau-do-semestre-2019-2","status":"publish","type":"post","link":"https:\/\/www.caririemacao.com\/1\/2020\/02\/21\/cdsa-forma-77-novos-profissionais-em-colacao-de-grau-do-semestre-2019-2\/","title":{"rendered":"CDSA forma 77 novos profissionais em Cola\u00e7\u00e3o de Grau do semestre 2019.2"},"content":{"rendered":"\n<figure class=\"wp-block-image\"><a href=\"http:\/\/noticiasemdestaque.com\/cd\/wp-content\/uploads\/2020\/02\/ok.png\"><img decoding=\"async\" data-src=\"http:\/\/noticiasemdestaque.com\/cd\/wp-content\/uploads\/2020\/02\/ok.png\" alt=\"\" class=\"wp-image-23122 lazyload\" src=\"data:image\/svg+xml;base64,PHN2ZyB3aWR0aD0iMSIgaGVpZ2h0PSIxIiB4bWxucz0iaHR0cDovL3d3dy53My5vcmcvMjAwMC9zdmciPjwvc3ZnPg==\" \/><\/a><\/figure>\n\n\n\n<p>O Centro de Desenvolvimento Sustent\u00e1vel do Semi\u00e1rido da Universidade Federal de Campina Grande realizou na noite da ter\u00e7a-feira, 18 de fevereiro, no Gin\u00e1sio de Esportes de Sum\u00e9, a solenidade de Cola\u00e7\u00e3o de Grau do Semestre 2019.2. Colaram grau 77 estudantes dos cursos de Licenciatura em Ci\u00eancias Sociais, Interdisciplinar em Educa\u00e7\u00e3o do Campo, Engenharia de Biotecnologia e Bioprocessos, Engenharia de Biossistemas, Engenharia de Produ\u00e7\u00e3o, Superior de Tecnologia em Agroecologia e Superior de Tecnologia em Gest\u00e3o P\u00fablica.<\/p>\n\n\n\n<div class=\"wp-block-image\"><figure class=\"alignleft\"><a href=\"http:\/\/noticiasemdestaque.com\/cd\/wp-content\/uploads\/2020\/02\/ok-2.png\"><img decoding=\"async\" data-src=\"http:\/\/noticiasemdestaque.com\/cd\/wp-content\/uploads\/2020\/02\/ok-2.png\" alt=\"\" class=\"wp-image-23123 lazyload\" src=\"data:image\/svg+xml;base64,PHN2ZyB3aWR0aD0iMSIgaGVpZ2h0PSIxIiB4bWxucz0iaHR0cDovL3d3dy53My5vcmcvMjAwMC9zdmciPjwvc3ZnPg==\" \/><\/a><\/figure><\/div>\n\n\n\n<p>A mesa solene presidida pelo reitor da UFCG, Vicem\u00e1rio Sim\u00f5es, foi composta pelo pr\u00f3-reitor de Ensino da UFCG, Alarcon Agra do \u00d3, o pr\u00f3-reitor de P\u00f3s-Gradua\u00e7\u00e3o da UFCG, Benemar Alencar, o diretor do CDSA, Hugo Morais de Alc\u00e2ntara; o vice-diretor do CDSA, Franklin Ferreira de Farias N\u00f3brega; o representante das coordena\u00e7\u00f5es do curso e da Unidade Acad\u00eamica de Ci\u00eancias Sociais, Valdonilson Barbosa dos Santos; o coordenador do Curso de Engenharia de Biossistemas, Edvaldo Eloy Dantas J\u00fanior; o coordenador do Curso de Engenharia de Biotecnologia e Bioprocessos, Bruno Rafael Pereira Nunes; a coordenadora do Curso de Engenharia de Produ\u00e7\u00e3o, Maria Creuza Borges de Ara\u00fajo; o coordenador do Curso Interdisciplinar em Educa\u00e7\u00e3o do Campo, Isaac Alexandre da Silva; a coordenadora do Curso Superior de Tecnologia em Agroecologia, Ana Cristina Chacon Lisboa; o coordenador do Curso Superior de Tecnologia em Gest\u00e3o P\u00fablica, Gilvan Dias de Lima Filho; a representante da Secretaria de Educa\u00e7\u00e3o e Prefeitura de Sum\u00e9, Jucileide Alves e; o Paraninfo Geral das turmas concluintes do per\u00edodo 2019.2, Jeferson Silva de Andrade .<\/p>\n\n\n\n<p>Proferiram o juramento os seguintes formandos: Paula Wendia da SilvaPaulino (Ci\u00eancias Sociais), Jenecielma as Silva Nascimento (Engenharia de Biossistemas), Aline Soares Pimentel (Engenharia de Biotecnologia e Bioprocessos), Ariana Candido de Castro (Engenharia de Produ\u00e7\u00e3o), Vald\u00e9cio Rodrigues de Sousa (Interdisciplinar em Educa\u00e7\u00e3o do Campo), C\u00e9sar Augusto Queiroz Feitoza Alves (Superior de Tecnologia em Gest\u00e3o P\u00fablica) e Halana Campos Porto (Superior de Tecnologia em Agroecologia), representando os demais concluintes dos seus respectivos cursos.<\/p>\n\n\n\n<p>Receberam grau em nome dos seus colegas de cursos, os formandos Fabiana Farias de Macedo (Ci\u00eancias Sociais), Larissa Fernanda Sousa Santos (Engenharia de Biossistemas), Eli\u00e9lson Rafael Barros (Engenharia de Biotecnologia e Bioprocessos), Vit\u00f3ria Roselini dos Santos Barbosa (Engenharia de Produ\u00e7\u00e3o), Danilo de Souza Farias (Interdisciplinar em Educa\u00e7\u00e3o do Campo), Vandson Ney de Amorim Brito (Tecnologia em Gest\u00e3o P\u00fablica) e F\u00e1bia Shirley Ribeiro Silva (Tecnologia em Agroecologia).<\/p>\n\n\n\n<p>A aluna concluinte Paloma Moreira dos Anjos, do curso de Engenharia de Biossistemas fez o discurso em nome dos demais alunos.<\/p>\n\n\n\n<p>O diretor do CDSA, Hugo Morais de Alc\u00e2ntara, fez a sauda\u00e7\u00e3o aos alunos concluintes. O vice-diretor do CDSA, Franklin Ferreira de Farias N\u00f3brega, apresentou o Paraninfo Geral, Jeferson Silva de Andrade, homenageado na ocasi\u00e3o.<\/p>\n\n\n\n<p>Na solenidade, dois m\u00fasicos, ex-alunos do CDSA, Neto Lino (Engenharia de Biotecnologia e Bioprocessos) e Alysson Ericke (Tecnologia em Gest\u00e3o P\u00fablica), executaram o Hino Nacional.<\/p>\n\n\n\n<p><em><strong>Not\u00edcias em Destaque<\/strong><\/em><\/p>\n","protected":false},"excerpt":{"rendered":"<p>O Centro de Desenvolvimento Sustent\u00e1vel do Semi\u00e1rido da Universidade Federal de Campina Grande realizou na noite da ter\u00e7a-feira, 18 de fevereiro, no Gin\u00e1sio de Esportes&hellip; <\/p>\n","protected":false},"author":2,"featured_media":154560,"comment_status":"closed","ping_status":"closed","sticky":false,"template":"","format":"standard","meta":{"sfsi_plus_gutenberg_text_before_share":"","sfsi_plus_gutenberg_show_text_before_share":"","sfsi_plus_gutenberg_icon_type":"","sfsi_plus_gutenberg_icon_alignemt":"","sfsi_plus_gutenburg_max_per_row":"","footnotes":""},"categories":[2],"tags":[],"class_list":["post-154559","post","type-post","status-publish","format-standard","has-post-thumbnail","hentry","category-geral"],"_links":{"self":[{"href":"https:\/\/www.caririemacao.com\/1\/wp-json\/wp\/v2\/posts\/154559","targetHints":{"allow":["GET"]}}],"collection":[{"href":"https:\/\/www.caririemacao.com\/1\/wp-json\/wp\/v2\/posts"}],"about":[{"href":"https:\/\/www.caririemacao.com\/1\/wp-json\/wp\/v2\/types\/post"}],"author":[{"embeddable":true,"href":"https:\/\/www.caririemacao.com\/1\/wp-json\/wp\/v2\/users\/2"}],"replies":[{"embeddable":true,"href":"https:\/\/www.caririemacao.com\/1\/wp-json\/wp\/v2\/comments?post=154559"}],"version-history":[{"count":1,"href":"https:\/\/www.caririemacao.com\/1\/wp-json\/wp\/v2\/posts\/154559\/revisions"}],"predecessor-version":[{"id":154561,"href":"https:\/\/www.caririemacao.com\/1\/wp-json\/wp\/v2\/posts\/154559\/revisions\/154561"}],"wp:featuredmedia":[{"embeddable":true,"href":"https:\/\/www.caririemacao.com\/1\/wp-json\/wp\/v2\/media\/154560"}],"wp:attachment":[{"href":"https:\/\/www.caririemacao.com\/1\/wp-json\/wp\/v2\/media?parent=154559"}],"wp:term":[{"taxonomy":"category","embeddable":true,"href":"https:\/\/www.caririemacao.com\/1\/wp-json\/wp\/v2\/categories?post=154559"},{"taxonomy":"post_tag","embeddable":true,"href":"https:\/\/www.caririemacao.com\/1\/wp-json\/wp\/v2\/tags?post=154559"}],"curies":[{"name":"wp","href":"https:\/\/api.w.org\/{rel}","templated":true}]}}