{"id":154575,"date":"2020-02-21T23:25:33","date_gmt":"2020-02-22T02:25:33","guid":{"rendered":"http:\/\/www.caririemacao.com\/1\/?p=154575"},"modified":"2020-02-21T23:25:34","modified_gmt":"2020-02-22T02:25:34","slug":"prefeitura-de-camalau-inicia-carnaval","status":"publish","type":"post","link":"https:\/\/www.caririemacao.com\/1\/2020\/02\/21\/prefeitura-de-camalau-inicia-carnaval\/","title":{"rendered":"Prefeitura de Camala\u00fa inicia  Carnaval"},"content":{"rendered":"\n<p>A Prefeitura Municipal de Camala\u00fa deu in\u00edcio nesta sexta-feira, 22, ao &#8220;Grito de Carnaval&#8221; da Secretaria de Trabalho e A\u00e7\u00e3o Social Orquestra de Frevo.  <\/p>\n\n\n\n<p>A equipe do Cariri em A\u00e7\u00e3o esteve presente fazendo a cobertura do inicio da programa\u00e7\u00e3o de Carnaval que j\u00e1 \u00e9 tradi\u00e7\u00e3o na regi\u00e3o do Cariri Paraibano. <\/p>\n\n\n\n<p>A programa\u00e7\u00e3o de carnaval teve inicio com a festa voltada para o p\u00fablico infantil, onde contou com a participa\u00e7\u00e3o de  crian\u00e7as da cidade de Camala\u00fa. A festa iniciou \u00e0s 16h e se estendeu at\u00e9 as 18h desta sexta-feira, 21. <\/p>\n\n\n\n<figure class=\"wp-block-image size-large\"><img fetchpriority=\"high\" decoding=\"async\" width=\"800\" height=\"533\" src=\"http:\/\/www.caririemacao.com\/1\/wp-content\/uploads\/2020\/02\/DSC_6124-1.jpg\" alt=\"\" class=\"wp-image-154583\" srcset=\"https:\/\/www.caririemacao.com\/1\/wp-content\/uploads\/2020\/02\/DSC_6124-1.jpg 800w, https:\/\/www.caririemacao.com\/1\/wp-content\/uploads\/2020\/02\/DSC_6124-1-300x200.jpg 300w, https:\/\/www.caririemacao.com\/1\/wp-content\/uploads\/2020\/02\/DSC_6124-1-768x512.jpg 768w\" sizes=\"(max-width: 800px) 100vw, 800px\" \/><\/figure>\n\n\n\n<p>O prefeito Sandro M\u00f4co esteve presente produzindo e distribuindo algod\u00e3o doce para as crian\u00e7as que estiveram presentes no evento. Sendo assim, a alegria e divers\u00e3o estiveram garantidas na tarde desta sexta-feira, 21 com a distribui\u00e7\u00e3o de pipoca, marchinhas de carnaval e a famosa cama el\u00e1stica. Tudo para o lazer, divers\u00e3o e bem estar das crian\u00e7as camalauenses. <\/p>\n\n\n\n<figure class=\"wp-block-image size-large\"><img decoding=\"async\" width=\"800\" height=\"533\" data-src=\"http:\/\/www.caririemacao.com\/1\/wp-content\/uploads\/2020\/02\/DSC_6076.jpg\" alt=\"\" class=\"wp-image-154585 lazyload\" data-srcset=\"https:\/\/www.caririemacao.com\/1\/wp-content\/uploads\/2020\/02\/DSC_6076.jpg 800w, https:\/\/www.caririemacao.com\/1\/wp-content\/uploads\/2020\/02\/DSC_6076-300x200.jpg 300w, https:\/\/www.caririemacao.com\/1\/wp-content\/uploads\/2020\/02\/DSC_6076-768x512.jpg 768w\" data-sizes=\"(max-width: 800px) 100vw, 800px\" src=\"data:image\/svg+xml;base64,PHN2ZyB3aWR0aD0iMSIgaGVpZ2h0PSIxIiB4bWxucz0iaHR0cDovL3d3dy53My5vcmcvMjAwMC9zdmciPjwvc3ZnPg==\" style=\"--smush-placeholder-width: 800px; --smush-placeholder-aspect-ratio: 800\/533;\" \/><\/figure>\n\n\n\n<p> <\/p>\n\n\n\n<figure class=\"wp-block-image size-large\"><img decoding=\"async\" width=\"800\" height=\"533\" data-src=\"http:\/\/www.caririemacao.com\/1\/wp-content\/uploads\/2020\/02\/DSC_6118.jpg\" alt=\"\" class=\"wp-image-154584 lazyload\" data-srcset=\"https:\/\/www.caririemacao.com\/1\/wp-content\/uploads\/2020\/02\/DSC_6118.jpg 800w, https:\/\/www.caririemacao.com\/1\/wp-content\/uploads\/2020\/02\/DSC_6118-300x200.jpg 300w, https:\/\/www.caririemacao.com\/1\/wp-content\/uploads\/2020\/02\/DSC_6118-768x512.jpg 768w\" data-sizes=\"(max-width: 800px) 100vw, 800px\" src=\"data:image\/svg+xml;base64,PHN2ZyB3aWR0aD0iMSIgaGVpZ2h0PSIxIiB4bWxucz0iaHR0cDovL3d3dy53My5vcmcvMjAwMC9zdmciPjwvc3ZnPg==\" style=\"--smush-placeholder-width: 800px; --smush-placeholder-aspect-ratio: 800\/533;\" \/><\/figure>\n\n\n\n<p>Lembrando que o Carnaval de Camala\u00fa acontece de 21 a 26 de fevereiro, na pra\u00e7a de eventos. E para refrescar o calor no domingo, segunda e ter\u00e7a-feira a partir das 10h o tradicional banho de chuveiro com shows e anima\u00e7\u00f5es musicais no balne\u00e1rio p\u00fablico.\u00a0<\/p>\n\n\n\n<figure class=\"wp-block-image size-large\"><img decoding=\"async\" width=\"800\" height=\"533\" data-src=\"http:\/\/www.caririemacao.com\/1\/wp-content\/uploads\/2020\/02\/DSC_6114.jpg\" alt=\"\" class=\"wp-image-154586 lazyload\" data-srcset=\"https:\/\/www.caririemacao.com\/1\/wp-content\/uploads\/2020\/02\/DSC_6114.jpg 800w, https:\/\/www.caririemacao.com\/1\/wp-content\/uploads\/2020\/02\/DSC_6114-300x200.jpg 300w, https:\/\/www.caririemacao.com\/1\/wp-content\/uploads\/2020\/02\/DSC_6114-768x512.jpg 768w\" data-sizes=\"(max-width: 800px) 100vw, 800px\" src=\"data:image\/svg+xml;base64,PHN2ZyB3aWR0aD0iMSIgaGVpZ2h0PSIxIiB4bWxucz0iaHR0cDovL3d3dy53My5vcmcvMjAwMC9zdmciPjwvc3ZnPg==\" style=\"--smush-placeholder-width: 800px; --smush-placeholder-aspect-ratio: 800\/533;\" \/><\/figure>\n\n\n\n<p>A entrada \u00e9 apenas 02 quilos de alimentos que ser\u00e3o destinados \u00e0s fam\u00edlias carentes do munic\u00edpio. <\/p>\n","protected":false},"excerpt":{"rendered":"<p>A Prefeitura Municipal de Camala\u00fa deu in\u00edcio nesta sexta-feira, 22, ao &#8220;Grito de Carnaval&#8221; da Secretaria de Trabalho e A\u00e7\u00e3o Social Orquestra de Frevo. A&hellip; <\/p>\n","protected":false},"author":1,"featured_media":154581,"comment_status":"closed","ping_status":"closed","sticky":false,"template":"","format":"standard","meta":{"sfsi_plus_gutenberg_text_before_share":"","sfsi_plus_gutenberg_show_text_before_share":"","sfsi_plus_gutenberg_icon_type":"","sfsi_plus_gutenberg_icon_alignemt":"","sfsi_plus_gutenburg_max_per_row":"","footnotes":""},"categories":[6,50],"tags":[],"class_list":["post-154575","post","type-post","status-publish","format-standard","has-post-thumbnail","hentry","category-cidades","category-destaque"],"_links":{"self":[{"href":"https:\/\/www.caririemacao.com\/1\/wp-json\/wp\/v2\/posts\/154575","targetHints":{"allow":["GET"]}}],"collection":[{"href":"https:\/\/www.caririemacao.com\/1\/wp-json\/wp\/v2\/posts"}],"about":[{"href":"https:\/\/www.caririemacao.com\/1\/wp-json\/wp\/v2\/types\/post"}],"author":[{"embeddable":true,"href":"https:\/\/www.caririemacao.com\/1\/wp-json\/wp\/v2\/users\/1"}],"replies":[{"embeddable":true,"href":"https:\/\/www.caririemacao.com\/1\/wp-json\/wp\/v2\/comments?post=154575"}],"version-history":[{"count":4,"href":"https:\/\/www.caririemacao.com\/1\/wp-json\/wp\/v2\/posts\/154575\/revisions"}],"predecessor-version":[{"id":154587,"href":"https:\/\/www.caririemacao.com\/1\/wp-json\/wp\/v2\/posts\/154575\/revisions\/154587"}],"wp:featuredmedia":[{"embeddable":true,"href":"https:\/\/www.caririemacao.com\/1\/wp-json\/wp\/v2\/media\/154581"}],"wp:attachment":[{"href":"https:\/\/www.caririemacao.com\/1\/wp-json\/wp\/v2\/media?parent=154575"}],"wp:term":[{"taxonomy":"category","embeddable":true,"href":"https:\/\/www.caririemacao.com\/1\/wp-json\/wp\/v2\/categories?post=154575"},{"taxonomy":"post_tag","embeddable":true,"href":"https:\/\/www.caririemacao.com\/1\/wp-json\/wp\/v2\/tags?post=154575"}],"curies":[{"name":"wp","href":"https:\/\/api.w.org\/{rel}","templated":true}]}}