{"id":154578,"date":"2020-02-22T19:48:01","date_gmt":"2020-02-22T22:48:01","guid":{"rendered":"http:\/\/www.caririemacao.com\/1\/?p=154578"},"modified":"2020-02-22T19:48:03","modified_gmt":"2020-02-22T22:48:03","slug":"blocos-aquecem-o-carnaval-de-camalau-neste-sabado","status":"publish","type":"post","link":"https:\/\/www.caririemacao.com\/1\/2020\/02\/22\/blocos-aquecem-o-carnaval-de-camalau-neste-sabado\/","title":{"rendered":"Blocos aquecem o carnaval de Camala\u00fa neste s\u00e1bado"},"content":{"rendered":"\n<p>O 2\u00ba dia da programa\u00e7\u00e3o do tradicional &#8220;Carnaval Solid\u00e1rio&#8221; de Camala\u00fa, teve in\u00edcio na manh\u00e3 deste s\u00e1bado (22), com blocos regionais e v\u00e1rias atra\u00e7\u00f5es musicas que fizeram a alegria dos visitantes e foli\u00f5es camalauenses.  <\/p>\n\n\n\n<p>A manh\u00e3 contou com a apresenta\u00e7\u00e3o do bloco &#8220;Z\u00e9 Pereira&#8221;, percorrendo as principais ruas da cidade, tirando sorrisos por onde passava, com  personagens folcl\u00f3ricos que deram vida ao bloco. <\/p>\n\n\n\n<figure class=\"wp-block-image size-large\"><img fetchpriority=\"high\" decoding=\"async\" width=\"800\" height=\"533\" src=\"http:\/\/www.caririemacao.com\/1\/wp-content\/uploads\/2020\/02\/DSC_6257.jpg\" alt=\"\" class=\"wp-image-154751\" srcset=\"https:\/\/www.caririemacao.com\/1\/wp-content\/uploads\/2020\/02\/DSC_6257.jpg 800w, https:\/\/www.caririemacao.com\/1\/wp-content\/uploads\/2020\/02\/DSC_6257-300x200.jpg 300w, https:\/\/www.caririemacao.com\/1\/wp-content\/uploads\/2020\/02\/DSC_6257-768x512.jpg 768w\" sizes=\"(max-width: 800px) 100vw, 800px\" \/><\/figure>\n\n\n\n<figure class=\"wp-block-image size-large\"><img decoding=\"async\" width=\"800\" height=\"533\" data-src=\"http:\/\/www.caririemacao.com\/1\/wp-content\/uploads\/2020\/02\/DSC_6226-1.jpg\" alt=\"\" class=\"wp-image-154752 lazyload\" data-srcset=\"https:\/\/www.caririemacao.com\/1\/wp-content\/uploads\/2020\/02\/DSC_6226-1.jpg 800w, https:\/\/www.caririemacao.com\/1\/wp-content\/uploads\/2020\/02\/DSC_6226-1-300x200.jpg 300w, https:\/\/www.caririemacao.com\/1\/wp-content\/uploads\/2020\/02\/DSC_6226-1-768x512.jpg 768w\" data-sizes=\"(max-width: 800px) 100vw, 800px\" src=\"data:image\/svg+xml;base64,PHN2ZyB3aWR0aD0iMSIgaGVpZ2h0PSIxIiB4bWxucz0iaHR0cDovL3d3dy53My5vcmcvMjAwMC9zdmciPjwvc3ZnPg==\" style=\"--smush-placeholder-width: 800px; --smush-placeholder-aspect-ratio: 800\/533;\" \/><\/figure>\n\n\n\n<p>A divers\u00e3o da tarde ficou garantida com o carnaval do Magno Supermercado, trazendo para os clientes e foli\u00f5es com o bloco &#8220;Folia de Pre\u00e7os Baixos&#8221; que teve in\u00edcio \u00e0s 16:30h, com a participa\u00e7\u00e3o do cantor camalauense, Fubinha El\u00e9trico, trazendo muito forr\u00f3 e m\u00fasicas carnavalescas para animar a galera. E logo depois, a participa\u00e7\u00e3o do cantor Dorgivan de Brito, animando ainda mais os foli\u00f5es e visitantes. <\/p>\n\n\n\n<figure class=\"wp-block-image size-large\"><img decoding=\"async\" width=\"800\" height=\"533\" data-src=\"http:\/\/www.caririemacao.com\/1\/wp-content\/uploads\/2020\/02\/DSC_0056.jpg\" alt=\"\" class=\"wp-image-154754 lazyload\" data-srcset=\"https:\/\/www.caririemacao.com\/1\/wp-content\/uploads\/2020\/02\/DSC_0056.jpg 800w, https:\/\/www.caririemacao.com\/1\/wp-content\/uploads\/2020\/02\/DSC_0056-300x200.jpg 300w, https:\/\/www.caririemacao.com\/1\/wp-content\/uploads\/2020\/02\/DSC_0056-768x512.jpg 768w\" data-sizes=\"(max-width: 800px) 100vw, 800px\" src=\"data:image\/svg+xml;base64,PHN2ZyB3aWR0aD0iMSIgaGVpZ2h0PSIxIiB4bWxucz0iaHR0cDovL3d3dy53My5vcmcvMjAwMC9zdmciPjwvc3ZnPg==\" style=\"--smush-placeholder-width: 800px; --smush-placeholder-aspect-ratio: 800\/533;\" \/><\/figure>\n\n\n\n<figure class=\"wp-block-image size-large\"><img decoding=\"async\" width=\"800\" height=\"533\" data-src=\"http:\/\/www.caririemacao.com\/1\/wp-content\/uploads\/2020\/02\/DSC_0035.jpg\" alt=\"\" class=\"wp-image-154756 lazyload\" data-srcset=\"https:\/\/www.caririemacao.com\/1\/wp-content\/uploads\/2020\/02\/DSC_0035.jpg 800w, https:\/\/www.caririemacao.com\/1\/wp-content\/uploads\/2020\/02\/DSC_0035-300x200.jpg 300w, https:\/\/www.caririemacao.com\/1\/wp-content\/uploads\/2020\/02\/DSC_0035-768x512.jpg 768w\" data-sizes=\"(max-width: 800px) 100vw, 800px\" src=\"data:image\/svg+xml;base64,PHN2ZyB3aWR0aD0iMSIgaGVpZ2h0PSIxIiB4bWxucz0iaHR0cDovL3d3dy53My5vcmcvMjAwMC9zdmciPjwvc3ZnPg==\" style=\"--smush-placeholder-width: 800px; --smush-placeholder-aspect-ratio: 800\/533;\" \/><\/figure>\n\n\n\n<figure class=\"wp-block-image size-large\"><img decoding=\"async\" width=\"800\" height=\"533\" data-src=\"http:\/\/www.caririemacao.com\/1\/wp-content\/uploads\/2020\/02\/DSC_0076.jpg\" alt=\"\" class=\"wp-image-154757 lazyload\" data-srcset=\"https:\/\/www.caririemacao.com\/1\/wp-content\/uploads\/2020\/02\/DSC_0076.jpg 800w, https:\/\/www.caririemacao.com\/1\/wp-content\/uploads\/2020\/02\/DSC_0076-300x200.jpg 300w, https:\/\/www.caririemacao.com\/1\/wp-content\/uploads\/2020\/02\/DSC_0076-768x512.jpg 768w\" data-sizes=\"(max-width: 800px) 100vw, 800px\" src=\"data:image\/svg+xml;base64,PHN2ZyB3aWR0aD0iMSIgaGVpZ2h0PSIxIiB4bWxucz0iaHR0cDovL3d3dy53My5vcmcvMjAwMC9zdmciPjwvc3ZnPg==\" style=\"--smush-placeholder-width: 800px; --smush-placeholder-aspect-ratio: 800\/533;\" \/><\/figure>\n\n\n\n<p>E logo mais, por volta das 19:00h, haver\u00e1 o grande show da Abertura Oficial do Carnaval de Camala\u00fa, com participa\u00e7\u00e3o do cantor Bira e Divertere. <\/p>\n","protected":false},"excerpt":{"rendered":"<p>O 2\u00ba dia da programa\u00e7\u00e3o do tradicional &#8220;Carnaval Solid\u00e1rio&#8221; de Camala\u00fa, teve in\u00edcio na manh\u00e3 deste s\u00e1bado (22), com blocos regionais e v\u00e1rias atra\u00e7\u00f5es musicas&hellip; <\/p>\n","protected":false},"author":1,"featured_media":154753,"comment_status":"closed","ping_status":"closed","sticky":false,"template":"","format":"standard","meta":{"sfsi_plus_gutenberg_text_before_share":"","sfsi_plus_gutenberg_show_text_before_share":"","sfsi_plus_gutenberg_icon_type":"","sfsi_plus_gutenberg_icon_alignemt":"","sfsi_plus_gutenburg_max_per_row":"","footnotes":""},"categories":[6,50],"tags":[],"class_list":["post-154578","post","type-post","status-publish","format-standard","has-post-thumbnail","hentry","category-cidades","category-destaque"],"_links":{"self":[{"href":"https:\/\/www.caririemacao.com\/1\/wp-json\/wp\/v2\/posts\/154578","targetHints":{"allow":["GET"]}}],"collection":[{"href":"https:\/\/www.caririemacao.com\/1\/wp-json\/wp\/v2\/posts"}],"about":[{"href":"https:\/\/www.caririemacao.com\/1\/wp-json\/wp\/v2\/types\/post"}],"author":[{"embeddable":true,"href":"https:\/\/www.caririemacao.com\/1\/wp-json\/wp\/v2\/users\/1"}],"replies":[{"embeddable":true,"href":"https:\/\/www.caririemacao.com\/1\/wp-json\/wp\/v2\/comments?post=154578"}],"version-history":[{"count":5,"href":"https:\/\/www.caririemacao.com\/1\/wp-json\/wp\/v2\/posts\/154578\/revisions"}],"predecessor-version":[{"id":154759,"href":"https:\/\/www.caririemacao.com\/1\/wp-json\/wp\/v2\/posts\/154578\/revisions\/154759"}],"wp:featuredmedia":[{"embeddable":true,"href":"https:\/\/www.caririemacao.com\/1\/wp-json\/wp\/v2\/media\/154753"}],"wp:attachment":[{"href":"https:\/\/www.caririemacao.com\/1\/wp-json\/wp\/v2\/media?parent=154578"}],"wp:term":[{"taxonomy":"category","embeddable":true,"href":"https:\/\/www.caririemacao.com\/1\/wp-json\/wp\/v2\/categories?post=154578"},{"taxonomy":"post_tag","embeddable":true,"href":"https:\/\/www.caririemacao.com\/1\/wp-json\/wp\/v2\/tags?post=154578"}],"curies":[{"name":"wp","href":"https:\/\/api.w.org\/{rel}","templated":true}]}}