{"id":154591,"date":"2020-02-22T07:50:39","date_gmt":"2020-02-22T10:50:39","guid":{"rendered":"http:\/\/www.caririemacao.com\/1\/?p=154591"},"modified":"2020-02-22T07:50:41","modified_gmt":"2020-02-22T10:50:41","slug":"na-paraiba-pai-e-condenado-a-8-anos-de-prisao-por-estuprar-filha-de-13-anos","status":"publish","type":"post","link":"https:\/\/www.caririemacao.com\/1\/2020\/02\/22\/na-paraiba-pai-e-condenado-a-8-anos-de-prisao-por-estuprar-filha-de-13-anos\/","title":{"rendered":"NA PARA\u00cdBA: Pai \u00e9 condenado a 8 anos de pris\u00e3o por estuprar filha de 13 anos"},"content":{"rendered":"\n<p>A C\u00e2mara Criminal do Tribunal de Justi\u00e7a da Para\u00edba manteve, por unanimidade, a senten\u00e7a do Ju\u00edzo da Comarca de Rio Tinto que condenou a 8 anos e 9 meses de reclus\u00e3o, em regime inicialmente fechado, Jos\u00e9 Benedito do Nascimento, por ter estuprado e mantido constantes rela\u00e7\u00f5es sexuais com a pr\u00f3pria filha. A v\u00edtima tinha apenas 13 anos na \u00e9poca dos fatos. A Apela\u00e7\u00e3o Criminal teve relatoria do desembargador Jo\u00e1s de Brito Pereira Filho.<\/p>\n\n\n\n<p>De acordo com os autos, a v\u00edtima vivia sob a guarda e responsabilidade da av\u00f3 paterna quando o pai tentou manter rela\u00e7\u00e3o sexual pela primeira vez. Apenas na segunda tentativa, houve o estupro, fato que ocorreu outras vezes, sempre sob amea\u00e7a de espancamento caso a filha revelasse a algu\u00e9m o que estava acontecendo. A m\u00e3e da v\u00edtima, depois de descobrir a situa\u00e7\u00e3o, denunciou \u00e0s autoridades policiais. Ap\u00f3s o julgamento, sobreveio a senten\u00e7a condenat\u00f3ria. Inconformada, a defesa apelou, pugnando pela absolvi\u00e7\u00e3o do apelante diante de alegada insufici\u00eancia de provas. Alternativamente, requereu a redu\u00e7\u00e3o da pena aplicada.<\/p>\n\n\n\n<p>Para o desembargador Jo\u00e1s de Brito, a materialidade e autoria delitivas restaram comprovadas. Ele ressaltou que, no \u00e2mbito dos crimes de natureza sexual, usualmente praticados sem a presen\u00e7a de testemunhas, deve ser conferida especial relev\u00e2ncia probat\u00f3ria \u00e0s declara\u00e7\u00f5es da v\u00edtima. \u201cAl\u00e9m da palavra da menor\/ofendida, na esfera policial, outras testemunhas revelaram que o acusado, de fato, praticou o crime de estupro contra a pr\u00f3pria filha, tendo aquele, inclusive, tentado o mesmo ato contra outras duas irm\u00e3s da v\u00edtima\u201d, destacou, acrescentando que a vers\u00e3o apresentada pelo r\u00e9u, que negou as acusa\u00e7\u00f5es, foi fr\u00e1gil e isolada nos autos.<\/p>\n\n\n\n<p>\u201cOutro detalhe que chamou aten\u00e7\u00e3o foi o fato de o recorrente ter \u2018desaparecido\u2019 do distrito de culpa por longos anos. Dito isto, inexistindo d\u00favidas acerca do delito praticado pelo acusado, incogit\u00e1vel acatar o pleito absolut\u00f3rio\u201d, frisou o relator. Em rela\u00e7\u00e3o \u00e0 dosimetria da pena, o desembargador considerou que o pedido de redu\u00e7\u00e3o n\u00e3o assiste raz\u00e3o, mantendo a senten\u00e7a na integralidade.<\/p>\n\n\n\n<p>Da decis\u00e3o, publicada no Di\u00e1rio da Justi\u00e7a desta sexta-feira (21), cabe recurso.<\/p>\n\n\n\n<p><em>Ascom TJPB<\/em><\/p>\n","protected":false},"excerpt":{"rendered":"<p>A C\u00e2mara Criminal do Tribunal de Justi\u00e7a da Para\u00edba manteve, por unanimidade, a senten\u00e7a do Ju\u00edzo da Comarca de Rio Tinto que condenou a 8&hellip; <\/p>\n","protected":false},"author":2,"featured_media":154592,"comment_status":"closed","ping_status":"closed","sticky":false,"template":"","format":"standard","meta":{"sfsi_plus_gutenberg_text_before_share":"","sfsi_plus_gutenberg_show_text_before_share":"","sfsi_plus_gutenberg_icon_type":"","sfsi_plus_gutenberg_icon_alignemt":"","sfsi_plus_gutenburg_max_per_row":"","footnotes":""},"categories":[50,12],"tags":[],"class_list":["post-154591","post","type-post","status-publish","format-standard","has-post-thumbnail","hentry","category-destaque","category-policia"],"_links":{"self":[{"href":"https:\/\/www.caririemacao.com\/1\/wp-json\/wp\/v2\/posts\/154591","targetHints":{"allow":["GET"]}}],"collection":[{"href":"https:\/\/www.caririemacao.com\/1\/wp-json\/wp\/v2\/posts"}],"about":[{"href":"https:\/\/www.caririemacao.com\/1\/wp-json\/wp\/v2\/types\/post"}],"author":[{"embeddable":true,"href":"https:\/\/www.caririemacao.com\/1\/wp-json\/wp\/v2\/users\/2"}],"replies":[{"embeddable":true,"href":"https:\/\/www.caririemacao.com\/1\/wp-json\/wp\/v2\/comments?post=154591"}],"version-history":[{"count":1,"href":"https:\/\/www.caririemacao.com\/1\/wp-json\/wp\/v2\/posts\/154591\/revisions"}],"predecessor-version":[{"id":154593,"href":"https:\/\/www.caririemacao.com\/1\/wp-json\/wp\/v2\/posts\/154591\/revisions\/154593"}],"wp:featuredmedia":[{"embeddable":true,"href":"https:\/\/www.caririemacao.com\/1\/wp-json\/wp\/v2\/media\/154592"}],"wp:attachment":[{"href":"https:\/\/www.caririemacao.com\/1\/wp-json\/wp\/v2\/media?parent=154591"}],"wp:term":[{"taxonomy":"category","embeddable":true,"href":"https:\/\/www.caririemacao.com\/1\/wp-json\/wp\/v2\/categories?post=154591"},{"taxonomy":"post_tag","embeddable":true,"href":"https:\/\/www.caririemacao.com\/1\/wp-json\/wp\/v2\/tags?post=154591"}],"curies":[{"name":"wp","href":"https:\/\/api.w.org\/{rel}","templated":true}]}}