{"id":154596,"date":"2020-02-22T07:52:47","date_gmt":"2020-02-22T10:52:47","guid":{"rendered":"http:\/\/www.caririemacao.com\/1\/?p=154596"},"modified":"2020-02-22T07:52:48","modified_gmt":"2020-02-22T10:52:48","slug":"secretaria-de-saude-confirma-segundo-caso-de-meningite-no-sertao-da-paraiba","status":"publish","type":"post","link":"https:\/\/www.caririemacao.com\/1\/2020\/02\/22\/secretaria-de-saude-confirma-segundo-caso-de-meningite-no-sertao-da-paraiba\/","title":{"rendered":"Secretaria de Sa\u00fade confirma segundo caso de meningite no Sert\u00e3o da Para\u00edba"},"content":{"rendered":"\n<p>A&nbsp;Secretaria de Sa\u00fade do Estado confirmou na manh\u00e3 desta sexta-feira (21), o&nbsp;segundo caso de meningite no Sert\u00e3o da Para\u00edba. A v\u00edtima que foi diagnosticada com meningite pneumoc\u00f3cica,&nbsp;\u00e9 uma menina de 9&nbsp;anos da cidade de S\u00e3o Jos\u00e9 de Piranhas.<\/p>\n\n\n\n<p>A crian\u00e7a&nbsp;deu entrada em estado grave no Hospital Universit\u00e1rio J\u00falio Bandeira, em Cajazeiras, na \u00faltima ter\u00e7a-feira (18). Devido \u00e0&nbsp;gravidade ela foi transferida para a&nbsp;Unidade de Terapia Intensiva do Hospital Infantil de Patos na quarta-feira (19).<\/p>\n\n\n\n<p>A menina continua internada na UTI da unidade, em estado de sa\u00fade&nbsp;est\u00e1vel.<\/p>\n\n\n\n<p>O secret\u00e1rio de Sa\u00fade do Estado, Geraldo Medeiros informou&nbsp;a doen\u00e7a&nbsp;n\u00e3o oferece o risco de transmiss\u00e3o. \u201cSomente casos de meningite meningoc\u00f3cica \u00e9 que h\u00e1 necessidade da preven\u00e7\u00e3o\u201d, disse o secret\u00e1rio.<\/p>\n\n\n\n<p>Ainda conforme Geraldo Medeiros, o&nbsp;Minist\u00e9rio da Sa\u00fade oferece a vacina contra a bact\u00e9ria meningococo C, al\u00e9m de outros tr\u00eas imunizantes que protegem contra a meningite: a vacina pneumoc\u00f3cica, a BCG (que protege contra a meningite tuberculosa) e a pentavalente (que oferece prote\u00e7\u00e3o contra a bact\u00e9ria Haemophilus Influenzae sorotipo B). A vacina meningococo A W Y s\u00f3 est\u00e1 dispon\u00edvel de forma privada.<\/p>\n\n\n\n<p>Outra crian\u00e7a de 8 anos,&nbsp;natural de Cachoeira dos \u00cdndios,&nbsp;morreu nessa quarta-feira&nbsp;(19) no Hospital Universit\u00e1rio J\u00falio Bandeira, em Cajazeiras, v\u00edtima da mesma doen\u00e7a.<\/p>\n\n\n\n<p><em>Click PB<\/em><\/p>\n","protected":false},"excerpt":{"rendered":"<p>A&nbsp;Secretaria de Sa\u00fade do Estado confirmou na manh\u00e3 desta sexta-feira (21), o&nbsp;segundo caso de meningite no Sert\u00e3o da Para\u00edba. A v\u00edtima que foi diagnosticada com&hellip; <\/p>\n","protected":false},"author":2,"featured_media":154597,"comment_status":"closed","ping_status":"closed","sticky":false,"template":"","format":"standard","meta":{"sfsi_plus_gutenberg_text_before_share":"","sfsi_plus_gutenberg_show_text_before_share":"","sfsi_plus_gutenberg_icon_type":"","sfsi_plus_gutenberg_icon_alignemt":"","sfsi_plus_gutenburg_max_per_row":"","footnotes":""},"categories":[50,16],"tags":[],"class_list":["post-154596","post","type-post","status-publish","format-standard","has-post-thumbnail","hentry","category-destaque","category-saude"],"_links":{"self":[{"href":"https:\/\/www.caririemacao.com\/1\/wp-json\/wp\/v2\/posts\/154596","targetHints":{"allow":["GET"]}}],"collection":[{"href":"https:\/\/www.caririemacao.com\/1\/wp-json\/wp\/v2\/posts"}],"about":[{"href":"https:\/\/www.caririemacao.com\/1\/wp-json\/wp\/v2\/types\/post"}],"author":[{"embeddable":true,"href":"https:\/\/www.caririemacao.com\/1\/wp-json\/wp\/v2\/users\/2"}],"replies":[{"embeddable":true,"href":"https:\/\/www.caririemacao.com\/1\/wp-json\/wp\/v2\/comments?post=154596"}],"version-history":[{"count":1,"href":"https:\/\/www.caririemacao.com\/1\/wp-json\/wp\/v2\/posts\/154596\/revisions"}],"predecessor-version":[{"id":154598,"href":"https:\/\/www.caririemacao.com\/1\/wp-json\/wp\/v2\/posts\/154596\/revisions\/154598"}],"wp:featuredmedia":[{"embeddable":true,"href":"https:\/\/www.caririemacao.com\/1\/wp-json\/wp\/v2\/media\/154597"}],"wp:attachment":[{"href":"https:\/\/www.caririemacao.com\/1\/wp-json\/wp\/v2\/media?parent=154596"}],"wp:term":[{"taxonomy":"category","embeddable":true,"href":"https:\/\/www.caririemacao.com\/1\/wp-json\/wp\/v2\/categories?post=154596"},{"taxonomy":"post_tag","embeddable":true,"href":"https:\/\/www.caririemacao.com\/1\/wp-json\/wp\/v2\/tags?post=154596"}],"curies":[{"name":"wp","href":"https:\/\/api.w.org\/{rel}","templated":true}]}}