{"id":154605,"date":"2020-02-22T07:55:18","date_gmt":"2020-02-22T10:55:18","guid":{"rendered":"http:\/\/www.caririemacao.com\/1\/?p=154605"},"modified":"2020-02-22T07:55:21","modified_gmt":"2020-02-22T10:55:21","slug":"agricultor-e-picado-por-cobra-jararaca","status":"publish","type":"post","link":"https:\/\/www.caririemacao.com\/1\/2020\/02\/22\/agricultor-e-picado-por-cobra-jararaca\/","title":{"rendered":"Agricultor \u00e9 picado por cobra jararaca"},"content":{"rendered":"\n<p>Por volta das 18h30 da \u00faltima ter\u00e7a-feira (18), um agricultor foi picado no calcanhar por um filhote de cobra jararaca, na zona rural de Frei Martinho PB. O fato aconteceu na comunidade V\u00e1rzea Verde, quando o cidad\u00e3o se dirigia para alimentar seu c\u00e3o de guarda no terreira de casa e foi atacado pela serpente. A v\u00edtima conseguiu matar o r\u00e9ptil e aguardou a chegada do socorro m\u00e9dico.<\/p>\n\n\n\n<p>Os profissionais de sa\u00fade da Unidade Mista do munic\u00edpio foram acionados, e no local prestaram os primeiros socorros. Em seguida, conduziram o agricultor at\u00e9 o Hospital Regional de Picu\u00ed, onde passou por avalia\u00e7\u00e3o m\u00e9dica, sendo encaminhado para o Trauma em Campina, chegando com dor de cabe\u00e7a, \u00e2nsia de vomito e olhos muito vermelhos. De imediato recebeu o tratamento adequado com soro antiof\u00eddico contra o veneno da referida serpente.<\/p>\n\n\n\n<p>O socorro emergencial foi essencial para preserva\u00e7\u00e3o da vida da v\u00edtima que reagiu bem ao tratamento e n\u00e3o h\u00e1 risco de morte. A alta para pacientes dessa natureza gira em torno de 24 a 48 horas.<\/p>\n\n\n\n<p>ClickPicu\u00ed<\/p>\n","protected":false},"excerpt":{"rendered":"<p>Por volta das 18h30 da \u00faltima ter\u00e7a-feira (18), um agricultor foi picado no calcanhar por um filhote de cobra jararaca, na zona rural de Frei&hellip; <\/p>\n","protected":false},"author":2,"featured_media":154606,"comment_status":"closed","ping_status":"closed","sticky":false,"template":"","format":"standard","meta":{"sfsi_plus_gutenberg_text_before_share":"","sfsi_plus_gutenberg_show_text_before_share":"","sfsi_plus_gutenberg_icon_type":"","sfsi_plus_gutenberg_icon_alignemt":"","sfsi_plus_gutenburg_max_per_row":"","footnotes":""},"categories":[12],"tags":[],"class_list":["post-154605","post","type-post","status-publish","format-standard","has-post-thumbnail","hentry","category-policia"],"_links":{"self":[{"href":"https:\/\/www.caririemacao.com\/1\/wp-json\/wp\/v2\/posts\/154605","targetHints":{"allow":["GET"]}}],"collection":[{"href":"https:\/\/www.caririemacao.com\/1\/wp-json\/wp\/v2\/posts"}],"about":[{"href":"https:\/\/www.caririemacao.com\/1\/wp-json\/wp\/v2\/types\/post"}],"author":[{"embeddable":true,"href":"https:\/\/www.caririemacao.com\/1\/wp-json\/wp\/v2\/users\/2"}],"replies":[{"embeddable":true,"href":"https:\/\/www.caririemacao.com\/1\/wp-json\/wp\/v2\/comments?post=154605"}],"version-history":[{"count":1,"href":"https:\/\/www.caririemacao.com\/1\/wp-json\/wp\/v2\/posts\/154605\/revisions"}],"predecessor-version":[{"id":154607,"href":"https:\/\/www.caririemacao.com\/1\/wp-json\/wp\/v2\/posts\/154605\/revisions\/154607"}],"wp:featuredmedia":[{"embeddable":true,"href":"https:\/\/www.caririemacao.com\/1\/wp-json\/wp\/v2\/media\/154606"}],"wp:attachment":[{"href":"https:\/\/www.caririemacao.com\/1\/wp-json\/wp\/v2\/media?parent=154605"}],"wp:term":[{"taxonomy":"category","embeddable":true,"href":"https:\/\/www.caririemacao.com\/1\/wp-json\/wp\/v2\/categories?post=154605"},{"taxonomy":"post_tag","embeddable":true,"href":"https:\/\/www.caririemacao.com\/1\/wp-json\/wp\/v2\/tags?post=154605"}],"curies":[{"name":"wp","href":"https:\/\/api.w.org\/{rel}","templated":true}]}}