{"id":154609,"date":"2020-02-22T07:56:45","date_gmt":"2020-02-22T10:56:45","guid":{"rendered":"http:\/\/www.caririemacao.com\/1\/?p=154609"},"modified":"2020-02-22T07:56:47","modified_gmt":"2020-02-22T10:56:47","slug":"nos-70-anos-da-lbv-mobiliza-a-sociedade-paraibana-em-prol-da-educacao","status":"publish","type":"post","link":"https:\/\/www.caririemacao.com\/1\/2020\/02\/22\/nos-70-anos-da-lbv-mobiliza-a-sociedade-paraibana-em-prol-da-educacao\/","title":{"rendered":"Nos 70 anos da LBV, mobiliza a sociedade paraibana em prol da educa\u00e7\u00e3o"},"content":{"rendered":"\n<p>A Legi\u00e3o da Boa Vontade (LBV) promove \u00e0 sua tradicional mobiliza\u00e7\u00e3o social em prol da educa\u00e7\u00e3o. A campanha&nbsp;<em>Crian\u00e7a Nota 10 \u2014 Proteger a inf\u00e2ncia \u00e9 acreditar no futuro!,<\/em>&nbsp;entrega at\u00e9 o m\u00eas de mar\u00e7o, mais de 15 mil&nbsp;<em>kits&nbsp;<\/em>de material escolar a crian\u00e7as, adolescentes e jovens atendidos pela Institui\u00e7\u00e3o em 67 cidades do Brasil.<\/p>\n\n\n\n<p>A campanha tem como objetivos principais auxiliar as fam\u00edlias que n\u00e3o disp\u00f5em de recursos financeiros para a compra dos artigos escolares e motivar meninas e meninos, a frequentar as salas de aula e a dar prosseguimento aos estudos. De acordo com o Instituto Brasileiro de Geografia e Estat\u00edstica (IBGE), a evas\u00e3o escolar abrange, sobretudo, jovens que t\u00eam entre 15 e 17 anos de idade. Os dados indicam que, em 2018, 11,8% dos jovens nessa faixa et\u00e1ria estavam fora da escola, n\u00famero equivalente a 1,1 milh\u00e3o de pessoas.<\/p>\n\n\n\n<p>Constantemente preocupada com a educa\u00e7\u00e3o, a LBV, conta com a contribui\u00e7\u00e3o de seus colaboradores, volunt\u00e1rios, amigos e parceiros, bem como com o suporte imprescind\u00edvel dos meios de comunica\u00e7\u00e3o na divulga\u00e7\u00e3o dessa a\u00e7\u00e3o solid\u00e1ria. Os referidos&nbsp;<em>kits&nbsp;<\/em>s\u00e3o compostos de mochila, cadernos, l\u00e1pis, r\u00e9gua, canetas, estojo, entre outros itens.<\/p>\n\n\n\n<p>Cabe destacar que as capas dos cadernos cont\u00eam as ilustra\u00e7\u00f5es ganhadoras da edi\u00e7\u00e3o 2019 do Concurso Nacional de Desenhos da Legi\u00e3o da Boa Vontade, edi\u00e7\u00e3o essa que teve como foco o tema \u201cA LBV em minha vida\u201d, em homenagem \u00e0 Institui\u00e7\u00e3o por seus 70 anos de exist\u00eancia, ao longo dos quais vem promovendo, ininterruptamente, a Caridade Completa, ou seja, a do corpo e da Alma.<\/p>\n\n\n\n<p>As doa\u00e7\u00f5es para a campanha&nbsp;<em>Crian\u00e7a Nota 10 \u2014 Proteger a inf\u00e2ncia \u00e9 acreditar no futuro!<\/em>&nbsp;podem ser feitas pelo&nbsp;<em>site<\/em>&nbsp;<strong><a href=\"http:\/\/www.lbv.org\/\">www.lbv.org<\/a><\/strong>&nbsp;ou pelo telefone&nbsp;<strong>0800 055 50 99<\/strong>.<\/p>\n\n\n\n<p>As crian\u00e7as e adolescentes, assistidas pela Institui\u00e7\u00e3o&nbsp;<strong>em Jo\u00e3o Pessoa\/PB<\/strong>, receber\u00e3o seus kits, no pr\u00f3ximo&nbsp;<strong>dia 06 de mar\u00e7o de 2020,<\/strong>&nbsp;na Unidade de Jaguaribe, que est\u00e1 localizada na Rua das Trincheiras, 703. Para outras informa\u00e7\u00f5es sobre essa merit\u00f3ria iniciativa, basta acessar as p\u00e1ginas oficiais da LBV no Facebook, no Instagram e no Youtube, por meio do endere\u00e7o LBVBrasil.<\/p>\n","protected":false},"excerpt":{"rendered":"<p>A Legi\u00e3o da Boa Vontade (LBV) promove \u00e0 sua tradicional mobiliza\u00e7\u00e3o social em prol da educa\u00e7\u00e3o. A campanha&nbsp;Crian\u00e7a Nota 10 \u2014 Proteger a inf\u00e2ncia \u00e9&hellip; <\/p>\n","protected":false},"author":2,"featured_media":154610,"comment_status":"closed","ping_status":"closed","sticky":false,"template":"","format":"standard","meta":{"sfsi_plus_gutenberg_text_before_share":"","sfsi_plus_gutenberg_show_text_before_share":"","sfsi_plus_gutenberg_icon_type":"","sfsi_plus_gutenberg_icon_alignemt":"","sfsi_plus_gutenburg_max_per_row":"","footnotes":""},"categories":[2],"tags":[],"class_list":["post-154609","post","type-post","status-publish","format-standard","has-post-thumbnail","hentry","category-geral"],"_links":{"self":[{"href":"https:\/\/www.caririemacao.com\/1\/wp-json\/wp\/v2\/posts\/154609","targetHints":{"allow":["GET"]}}],"collection":[{"href":"https:\/\/www.caririemacao.com\/1\/wp-json\/wp\/v2\/posts"}],"about":[{"href":"https:\/\/www.caririemacao.com\/1\/wp-json\/wp\/v2\/types\/post"}],"author":[{"embeddable":true,"href":"https:\/\/www.caririemacao.com\/1\/wp-json\/wp\/v2\/users\/2"}],"replies":[{"embeddable":true,"href":"https:\/\/www.caririemacao.com\/1\/wp-json\/wp\/v2\/comments?post=154609"}],"version-history":[{"count":1,"href":"https:\/\/www.caririemacao.com\/1\/wp-json\/wp\/v2\/posts\/154609\/revisions"}],"predecessor-version":[{"id":154611,"href":"https:\/\/www.caririemacao.com\/1\/wp-json\/wp\/v2\/posts\/154609\/revisions\/154611"}],"wp:featuredmedia":[{"embeddable":true,"href":"https:\/\/www.caririemacao.com\/1\/wp-json\/wp\/v2\/media\/154610"}],"wp:attachment":[{"href":"https:\/\/www.caririemacao.com\/1\/wp-json\/wp\/v2\/media?parent=154609"}],"wp:term":[{"taxonomy":"category","embeddable":true,"href":"https:\/\/www.caririemacao.com\/1\/wp-json\/wp\/v2\/categories?post=154609"},{"taxonomy":"post_tag","embeddable":true,"href":"https:\/\/www.caririemacao.com\/1\/wp-json\/wp\/v2\/tags?post=154609"}],"curies":[{"name":"wp","href":"https:\/\/api.w.org\/{rel}","templated":true}]}}