{"id":154613,"date":"2020-02-22T08:01:50","date_gmt":"2020-02-22T11:01:50","guid":{"rendered":"http:\/\/www.caririemacao.com\/1\/?p=154613"},"modified":"2020-02-22T08:01:51","modified_gmt":"2020-02-22T11:01:51","slug":"prefeita-anna-lorena-participa-de-comemoracoes-carnavalescas-de-servicos-municipais","status":"publish","type":"post","link":"https:\/\/www.caririemacao.com\/1\/2020\/02\/22\/prefeita-anna-lorena-participa-de-comemoracoes-carnavalescas-de-servicos-municipais\/","title":{"rendered":"Prefeita Anna Lorena participa de comemora\u00e7\u00f5es carnavalescas de servi\u00e7os municipais"},"content":{"rendered":"\n<p>O dia desta quinta-feira, 20, em Monteiro foi marcado pelas comemora\u00e7\u00f5es carnavalescas que agitaram a cidade.<\/p>\n\n\n\n<p><br>As folias de Momo tiveram in\u00edcio com o Carnaval da Sa\u00fade Mental do Caps I com o tema \u201cLoucos uns pelos outros\u201d que reuniu pacientes, familiares e amigos para curtir o melhor dos frevos e marchinhas executadas pela Filarm\u00f4nica Municipal em um momento de descontra\u00e7\u00e3o especialmente preparado pela equipe da unidade de sa\u00fade.<\/p>\n\n\n\n<p>No per\u00edodo da tarde o instrutor Weverton Bandeira agitou a Academia da Sa\u00fade do centro com as dezenas de alunas que fantasiadas participaram das atividades que aquecem o carnaval.<\/p>\n\n\n\n<p>\u201cEste momento serve pra aquecer o carnaval, aer\u00f3bica e dan\u00e7a j\u00e1 s\u00e3o os ingredientes pra fazer bonito na resist\u00eancia e nas coreografias em qualquer lugar\u201d, comentou o instrutor.J\u00e1 no per\u00edodo da noite, o brilho, confetes e serpentinas ficaram a cargo do grupo da Melhor Idade, atendidos em Monteiro pelo Servi\u00e7o de Conviv\u00eancia e Fortalecimento de V\u00ednculos.<\/p>\n\n\n\n<div class=\"wp-block-image\"><figure class=\"alignleft\"><img decoding=\"async\" data-src=\"https:\/\/i0.wp.com\/www.vitrinedocariri.com.br\/wp-content\/uploads\/2020\/02\/Prefeita-Anna-Lorena-participa-de-comemora%C3%A7%C3%B5es-carnavalescas-de-servi%C3%A7os-municipais-23.jpeg?resize=300%2C200&amp;ssl=1\" alt=\"\" class=\"wp-image-64720 lazyload\" src=\"data:image\/svg+xml;base64,PHN2ZyB3aWR0aD0iMSIgaGVpZ2h0PSIxIiB4bWxucz0iaHR0cDovL3d3dy53My5vcmcvMjAwMC9zdmciPjwvc3ZnPg==\" \/><\/figure><\/div>\n\n\n\n<p>Para resgatar o esp\u00edrito dos antigos carnavais desde 2017, a Secretaria de Desenvolvimento Social realiza todos os anos uma homenagens \u00e0s personalidades que tiveram destaque e import\u00e2ncia nas comemora\u00e7\u00f5es. <\/p>\n\n\n\n<p>J\u00e1 foram homenageados Antonio de Andrade N\u00f3brega (Antonio Rainha) com o Bloco Vov\u00f4 Rainha, Paulo da Farm\u00e1cia \u2013 Maring\u00e1, e neste ano o Bloco da Saudade homenageou Dona Eunice Martins ao som de Musical Dias.<\/p>\n\n\n\n<p>Presente nas comemora\u00e7\u00f5es a prefeita Anna Lorena comentou sobre as atividades: \u201cTem que ter pique pra tanta comemora\u00e7\u00e3o, e nesse sentido j\u00e1 tivemos o aquecimento na Academia da Sa\u00fade, tivemos o carnaval do CAPS I que j\u00e1 come\u00e7ou cedo nos dando energia e alegria pra continuar o dia e encerrarmos com chave de ouro agora com os nossos idosos. Uma bela homenagem \u00e0 Dona Eunice e muito frevo. <\/p>\n\n\n\n<p>Agora \u00e9 s\u00f3 curtir o restante das festas com muito cuidado, seja em casa, nos banhos aqui em Monteiro, enfim, que seja um carnaval de muita anima\u00e7\u00e3o e em paz!\u201d.<\/p>\n\n\n\n<p><strong>Sobre a homenageada<br><\/strong>Quem lembra dos antigos carnavais de Monteiro, com toda certeza lembra de Dona Eunice que era uma das pessoas que representavam a festividade. Sua alegria contagiava, n\u00e3o s\u00f3 porque amava o carnaval e demonstrava isso atrav\u00e9s das fantasias que ela mesma confeccionava para si, seu marido e seus 5 filhos.<\/p>\n\n\n\n<p>A festa para Dona Eunice come\u00e7ava no Clube Municipal onde pulava, dan\u00e7ava e cantava, tanto como foli\u00e3 quanto junto a Banda Unidos do Samba que ela criou para levar alegria nas comemora\u00e7\u00f5es por toda a cidade, terminando a folia no carnaval do Coreto.Para todos que a conheceram, a lembran\u00e7a \u00e9 un\u00e2nime, a alegria e a alma do carnaval perderam um pouco do brilho quando h\u00e1 12 anos ela se foi. <\/p>\n\n\n\n<p>Mas para quem conviveu com Dona Eunice, nem isso \u00e9 motivo de tristeza, pois, ela era a m\u00fasica, a fantasia, a serpentina e o confete, ela era a grande estrela dos antigos carnavais.<\/p>\n","protected":false},"excerpt":{"rendered":"<p>O dia desta quinta-feira, 20, em Monteiro foi marcado pelas comemora\u00e7\u00f5es carnavalescas que agitaram a cidade. As folias de Momo tiveram in\u00edcio com o Carnaval&hellip; <\/p>\n","protected":false},"author":2,"featured_media":154614,"comment_status":"closed","ping_status":"closed","sticky":false,"template":"","format":"standard","meta":{"sfsi_plus_gutenberg_text_before_share":"","sfsi_plus_gutenberg_show_text_before_share":"","sfsi_plus_gutenberg_icon_type":"","sfsi_plus_gutenberg_icon_alignemt":"","sfsi_plus_gutenburg_max_per_row":"","footnotes":""},"categories":[6],"tags":[],"class_list":["post-154613","post","type-post","status-publish","format-standard","has-post-thumbnail","hentry","category-cidades"],"_links":{"self":[{"href":"https:\/\/www.caririemacao.com\/1\/wp-json\/wp\/v2\/posts\/154613","targetHints":{"allow":["GET"]}}],"collection":[{"href":"https:\/\/www.caririemacao.com\/1\/wp-json\/wp\/v2\/posts"}],"about":[{"href":"https:\/\/www.caririemacao.com\/1\/wp-json\/wp\/v2\/types\/post"}],"author":[{"embeddable":true,"href":"https:\/\/www.caririemacao.com\/1\/wp-json\/wp\/v2\/users\/2"}],"replies":[{"embeddable":true,"href":"https:\/\/www.caririemacao.com\/1\/wp-json\/wp\/v2\/comments?post=154613"}],"version-history":[{"count":1,"href":"https:\/\/www.caririemacao.com\/1\/wp-json\/wp\/v2\/posts\/154613\/revisions"}],"predecessor-version":[{"id":154615,"href":"https:\/\/www.caririemacao.com\/1\/wp-json\/wp\/v2\/posts\/154613\/revisions\/154615"}],"wp:featuredmedia":[{"embeddable":true,"href":"https:\/\/www.caririemacao.com\/1\/wp-json\/wp\/v2\/media\/154614"}],"wp:attachment":[{"href":"https:\/\/www.caririemacao.com\/1\/wp-json\/wp\/v2\/media?parent=154613"}],"wp:term":[{"taxonomy":"category","embeddable":true,"href":"https:\/\/www.caririemacao.com\/1\/wp-json\/wp\/v2\/categories?post=154613"},{"taxonomy":"post_tag","embeddable":true,"href":"https:\/\/www.caririemacao.com\/1\/wp-json\/wp\/v2\/tags?post=154613"}],"curies":[{"name":"wp","href":"https:\/\/api.w.org\/{rel}","templated":true}]}}