{"id":154617,"date":"2020-02-22T08:03:36","date_gmt":"2020-02-22T11:03:36","guid":{"rendered":"http:\/\/www.caririemacao.com\/1\/?p=154617"},"modified":"2020-02-22T08:03:37","modified_gmt":"2020-02-22T11:03:37","slug":"carnaval-e-politica-prefeito-de-caraubas-afirma-que-vai-para-reeleicao-e-que-grupo-esta-unido","status":"publish","type":"post","link":"https:\/\/www.caririemacao.com\/1\/2020\/02\/22\/carnaval-e-politica-prefeito-de-caraubas-afirma-que-vai-para-reeleicao-e-que-grupo-esta-unido\/","title":{"rendered":"Carnaval e pol\u00edtica: prefeito de Cara\u00fabas afirma que vai para reelei\u00e7\u00e3o e que grupo est\u00e1 unido"},"content":{"rendered":"\n<p>O prefeito de Cara\u00fabas, Silvano Dudu esteve concedendo entrevista na R\u00e1dio Serra Branca FM,&nbsp; nesta sexta-feira (21) para falar sobre o Carnaval 2020 promovido pela Prefeitura, que realizar\u00e1 o evento em alguns locais do munic\u00edpio como Po\u00e7o do Cangati (Rio Para\u00edba), na sede (pra\u00e7a central) e no distrito de Barreiras.<\/p>\n\n\n\n<p>Durante a entrevista, Silvano informou aos ouvintes que \u00e9 candidato \u00e0 reelei\u00e7\u00e3o e que seu grupo est\u00e1 unido: \u201cSou pr\u00e9\u2013candidato a reelei\u00e7\u00e3o e meu grupo est\u00e1 unido, por que quem trabalha Deus ajuda. Vamos apresentar ainda uma chapa de candidatos a vereador forte\u201d, expressou Silvano.<\/p>\n\n\n\n<p>O gestor tamb\u00e9m destacou a aprova\u00e7\u00e3o de suas contas referente ao ano de 2018, pelo Tribunal de Contas do Estado.<\/p>\n\n\n\n<p><strong>Antecipa\u00e7\u00e3o do pagamento de servidores<\/strong><\/p>\n\n\n\n<p>O prefeito tamb\u00e9m ressaltou que todos os funcion\u00e1rios da Prefeitura de Cara\u00fabas receberam seus vencimentos antecipados nesta sexta-feira (21) para brincar o Carnaval com dinheiro no bolso.<\/p>\n\n\n\n<p>Silvano esteve acompanhado do secret\u00e1rio de Planejamento e Comunica\u00e7\u00e3o, Eduardo Belo, que falou sobre o andamento das obras que est\u00e3o em execu\u00e7\u00e3o em v\u00e1rios locais de Cara\u00fabas e que s\u00e3o frutos da parceria da Prefeitura, Governo Federal, Governo do Estado e emendas parlamentares.<\/p>\n\n\n\n<p><strong>Blog do Bruno Lira<\/strong><\/p>\n","protected":false},"excerpt":{"rendered":"<p>O prefeito de Cara\u00fabas, Silvano Dudu esteve concedendo entrevista na R\u00e1dio Serra Branca FM,&nbsp; nesta sexta-feira (21) para falar sobre o Carnaval 2020 promovido pela&hellip; <\/p>\n","protected":false},"author":2,"featured_media":154618,"comment_status":"closed","ping_status":"closed","sticky":false,"template":"","format":"standard","meta":{"sfsi_plus_gutenberg_text_before_share":"","sfsi_plus_gutenberg_show_text_before_share":"","sfsi_plus_gutenberg_icon_type":"","sfsi_plus_gutenberg_icon_alignemt":"","sfsi_plus_gutenburg_max_per_row":"","footnotes":""},"categories":[6],"tags":[],"class_list":["post-154617","post","type-post","status-publish","format-standard","has-post-thumbnail","hentry","category-cidades"],"_links":{"self":[{"href":"https:\/\/www.caririemacao.com\/1\/wp-json\/wp\/v2\/posts\/154617","targetHints":{"allow":["GET"]}}],"collection":[{"href":"https:\/\/www.caririemacao.com\/1\/wp-json\/wp\/v2\/posts"}],"about":[{"href":"https:\/\/www.caririemacao.com\/1\/wp-json\/wp\/v2\/types\/post"}],"author":[{"embeddable":true,"href":"https:\/\/www.caririemacao.com\/1\/wp-json\/wp\/v2\/users\/2"}],"replies":[{"embeddable":true,"href":"https:\/\/www.caririemacao.com\/1\/wp-json\/wp\/v2\/comments?post=154617"}],"version-history":[{"count":1,"href":"https:\/\/www.caririemacao.com\/1\/wp-json\/wp\/v2\/posts\/154617\/revisions"}],"predecessor-version":[{"id":154619,"href":"https:\/\/www.caririemacao.com\/1\/wp-json\/wp\/v2\/posts\/154617\/revisions\/154619"}],"wp:featuredmedia":[{"embeddable":true,"href":"https:\/\/www.caririemacao.com\/1\/wp-json\/wp\/v2\/media\/154618"}],"wp:attachment":[{"href":"https:\/\/www.caririemacao.com\/1\/wp-json\/wp\/v2\/media?parent=154617"}],"wp:term":[{"taxonomy":"category","embeddable":true,"href":"https:\/\/www.caririemacao.com\/1\/wp-json\/wp\/v2\/categories?post=154617"},{"taxonomy":"post_tag","embeddable":true,"href":"https:\/\/www.caririemacao.com\/1\/wp-json\/wp\/v2\/tags?post=154617"}],"curies":[{"name":"wp","href":"https:\/\/api.w.org\/{rel}","templated":true}]}}