{"id":154622,"date":"2020-02-22T08:05:06","date_gmt":"2020-02-22T11:05:06","guid":{"rendered":"http:\/\/www.caririemacao.com\/1\/?p=154622"},"modified":"2020-02-22T08:05:08","modified_gmt":"2020-02-22T11:05:08","slug":"ricardo-coutinho-e-mais-sete-investigados-da-calvario-deverao-se-recolher-a-noite-e-nos-fins-de-semana-e-feriados","status":"publish","type":"post","link":"https:\/\/www.caririemacao.com\/1\/2020\/02\/22\/ricardo-coutinho-e-mais-sete-investigados-da-calvario-deverao-se-recolher-a-noite-e-nos-fins-de-semana-e-feriados\/","title":{"rendered":"Ricardo Coutinho e mais sete investigados da Calv\u00e1rio dever\u00e3o se recolher \u00e0 noite e nos fins de semana e feriados"},"content":{"rendered":"\n<p>O desembargador Ricardo Vital decidiu ampliar as medidas cautelares concedidas ao ex-governador Ricardo Coutinho e mais sete investigados no \u00e2mbito da Opera\u00e7\u00e3o Calv\u00e1rio. Al\u00e9m de terem que usar tornozeleira eletr\u00f4nica, os investigados dever\u00e3o ficar recolhidos em suas casas das 20h at\u00e9 as 5h do dia seguinte, permanecendo recolhidos tamb\u00e9m nos finais de semana e feriados.<\/p>\n\n\n\n<p>A medida foi tomada, conforme a decis\u00e3o, pois \u201ctenciona resguardar as investiga\u00e7\u00f5es, porquanto o investigado\/denunciado pode, nesse intervalo temporal noturno, realizar articula\u00e7\u00f5es com pessoas diversas e empreender esfor\u00e7os, de formas variadas, no sentido de deletar os registros de sua atua\u00e7\u00e3o na sugestiva ORCRIM, atrapalhando o desenvolver da atividade investigada e da etapa judici\u00e1ria, uma caracter\u00edstica desse regramento sob o manto sigiloso da noite\u201d.<\/p>\n\n\n\n<p>\u201cAdemais, existe o risco de influ\u00eancias dos mais diversos n\u00edveis, situa\u00e7\u00e3o que pode, eventualmente, obstaculizar, impedir, ou, de alguma forma, comprometer o sucesso e o caminhar das investiga\u00e7\u00f5es ainda em curso e da pr\u00f3pria fase judicial. Esta medida tamb\u00e9m se mostra suficiente e imprescind\u00edvel a evitar, ou, ao menos, reduzir, a poss\u00edvel perpetua\u00e7\u00e3o das condutas t\u00edpicas atribu\u00eddas aos investigados\/denunciados\u201d, ressaltou.<\/p>\n\n\n\n<p>O desembargador adverte os investigados\/denunciados de que o descumprimento de alguma das medidas impostas poder\u00e1 ensejar a consequente imposi\u00e7\u00e3o de pris\u00e3o preventiva. Ele determinou que se oficie ao servidor respons\u00e1vel pela Central de Monitoramento Eletr\u00f4nico do Estado da Para\u00edba, localizada na Penitenci\u00e1ria de Seguran\u00e7a M\u00e9dia Juiz Hitler Cantalice, para que adote as provid\u00eancias no tocante \u00e0 disponibiliza\u00e7\u00e3o das tornozeleiras necess\u00e1rias ao fiel cumprimento da decis\u00e3o.<\/p>\n\n\n\n<p>Ricardo Vital tamb\u00e9m determinou a comunica\u00e7\u00e3o ao secret\u00e1rio de Administra\u00e7\u00e3o Penitenci\u00e1ria do Estado, S\u00e9rgio Fonseca de Souza, sob censura de responsabiliza\u00e7\u00e3o legal, a fim de que disponibilize pessoal habilitado \u00e0 coloca\u00e7\u00e3o da tornozeleira eletr\u00f4nica a que se refere a decis\u00e3o, em qualquer dos dias da semana, inclusive durante o per\u00edodo carnavalesco. O secret\u00e1rio tamb\u00e9m dever\u00e1 encaminhar, semanalmente e at\u00e9 as 12 horas de cada sexta-feira, relat\u00f3rio circunstanciado acerca da movimenta\u00e7\u00e3o geogr\u00e1fica dos denunciados, com hor\u00e1rio e registro espec\u00edfico de eventual aproxima\u00e7\u00e3o com outros investigados\/denunciados e\/ou eventual aus\u00eancia da Comarca onde informou residir.&nbsp;<\/p>\n\n\n\n<p>Os investigados dever\u00e3o comparecer, no prazo de 24h a contar da ci\u00eancia da intima\u00e7\u00e3o da decis\u00e3o, \u00e0 Penitenci\u00e1ria de Seguran\u00e7a M\u00e9dia Juiz Hitler Cantalice, para as provid\u00eancias necess\u00e1rias ao monitoramento pelo uso de tornozeleira eletr\u00f4nica.<\/p>\n","protected":false},"excerpt":{"rendered":"<p>O desembargador Ricardo Vital decidiu ampliar as medidas cautelares concedidas ao ex-governador Ricardo Coutinho e mais sete investigados no \u00e2mbito da Opera\u00e7\u00e3o Calv\u00e1rio. Al\u00e9m de&hellip; <\/p>\n","protected":false},"author":2,"featured_media":154624,"comment_status":"closed","ping_status":"closed","sticky":false,"template":"","format":"standard","meta":{"sfsi_plus_gutenberg_text_before_share":"","sfsi_plus_gutenberg_show_text_before_share":"","sfsi_plus_gutenberg_icon_type":"","sfsi_plus_gutenberg_icon_alignemt":"","sfsi_plus_gutenburg_max_per_row":"","footnotes":""},"categories":[11],"tags":[],"class_list":["post-154622","post","type-post","status-publish","format-standard","has-post-thumbnail","hentry","category-politica"],"_links":{"self":[{"href":"https:\/\/www.caririemacao.com\/1\/wp-json\/wp\/v2\/posts\/154622","targetHints":{"allow":["GET"]}}],"collection":[{"href":"https:\/\/www.caririemacao.com\/1\/wp-json\/wp\/v2\/posts"}],"about":[{"href":"https:\/\/www.caririemacao.com\/1\/wp-json\/wp\/v2\/types\/post"}],"author":[{"embeddable":true,"href":"https:\/\/www.caririemacao.com\/1\/wp-json\/wp\/v2\/users\/2"}],"replies":[{"embeddable":true,"href":"https:\/\/www.caririemacao.com\/1\/wp-json\/wp\/v2\/comments?post=154622"}],"version-history":[{"count":1,"href":"https:\/\/www.caririemacao.com\/1\/wp-json\/wp\/v2\/posts\/154622\/revisions"}],"predecessor-version":[{"id":154625,"href":"https:\/\/www.caririemacao.com\/1\/wp-json\/wp\/v2\/posts\/154622\/revisions\/154625"}],"wp:featuredmedia":[{"embeddable":true,"href":"https:\/\/www.caririemacao.com\/1\/wp-json\/wp\/v2\/media\/154624"}],"wp:attachment":[{"href":"https:\/\/www.caririemacao.com\/1\/wp-json\/wp\/v2\/media?parent=154622"}],"wp:term":[{"taxonomy":"category","embeddable":true,"href":"https:\/\/www.caririemacao.com\/1\/wp-json\/wp\/v2\/categories?post=154622"},{"taxonomy":"post_tag","embeddable":true,"href":"https:\/\/www.caririemacao.com\/1\/wp-json\/wp\/v2\/tags?post=154622"}],"curies":[{"name":"wp","href":"https:\/\/api.w.org\/{rel}","templated":true}]}}