{"id":154628,"date":"2020-02-22T08:06:43","date_gmt":"2020-02-22T11:06:43","guid":{"rendered":"http:\/\/www.caririemacao.com\/1\/?p=154628"},"modified":"2020-02-22T08:06:46","modified_gmt":"2020-02-22T11:06:46","slug":"desembargador-ricardo-vital-determina-uso-de-tornozeleira-eletronica-para-ex-governador-ricardo-coutinho","status":"publish","type":"post","link":"https:\/\/www.caririemacao.com\/1\/2020\/02\/22\/desembargador-ricardo-vital-determina-uso-de-tornozeleira-eletronica-para-ex-governador-ricardo-coutinho\/","title":{"rendered":"Desembargador Ricardo Vital determina uso de tornozeleira eletr\u00f4nica para ex-governador Ricardo Coutinho"},"content":{"rendered":"\n<p>O desembargador Ricardo Vital de Almeida, relator da Opera\u00e7\u00e3o Calv\u00e1rio no Tribunal de Justi\u00e7a da Para\u00edba, determinou nesta sexta-feira (21) o uso de tornozeleira eletr\u00f4nica para o ex-governador Ricardo Coutinho e para mais sete investigados. Ele ainda determinou o recolhimento domiciliar noturno, no endere\u00e7o residencial, das 20h at\u00e9 as 5h.&nbsp;<\/p>\n\n\n\n<p>Os outros sete investigados s\u00e3o: Gilberto Carneiro da Gama, Bruno Miguel Teixeira de Avelar Pereira Caldas, Coriolano Coutinho, Cl\u00e1udia Luciana de Sousa Mascena Veras, Francisco das Chagas Ferreira, David Clemente Monteiro Correia e M\u00e1rcia de Figueiredo Lucena Lira.&nbsp;<\/p>\n\n\n\n<p>Dentre outras medidas cautelares do Superior Tribunal de Justi\u00e7a (STJ), constam&nbsp;comparecimento peri\u00f3dico em ju\u00edzo; proibi\u00e7\u00e3o de manter contato com os demais investigados da Opera\u00e7\u00e3o Calv\u00e1rio, exceto seus familiares at\u00e9 o quarto grau; proibi\u00e7\u00e3o de se ausentar da comarca domiciliar, sem pr\u00e9via e expressa autoriza\u00e7\u00e3o do Ju\u00edzo; e afastamento da atividade de natureza econ\u00f4mica\/financeira que exercia com o Estado da Para\u00edba e o Munic\u00edpio de Jo\u00e3o Pessoa, que tenha rela\u00e7\u00e3o com os fatos apurados no processo da Calv\u00e1rio.<\/p>\n\n\n\n<p>De acordo com o desembargador Ricardo Vital, o monitoramento pelo uso de tornozeleira eletr\u00f4nica se justifica como medida de fiscaliza\u00e7\u00e3o do cumprimento das demais cautelares impostas, a maioria delas fixadas pelo STJ.&nbsp;<\/p>\n\n\n\n<p>\u201cPortanto, a medida se revela adequada tamb\u00e9m para asseguramento da ordem p\u00fablica, levando em considera\u00e7\u00e3o a complexidade da organiza\u00e7\u00e3o criminosa sob investiga\u00e7\u00e3o, evidenciada pelo n\u00famero de integrantes e pela presen\u00e7a de diversos n\u00facleos de atua\u00e7\u00e3o\u201d, ressaltou.<\/p>\n\n\n\n<p>Com rela\u00e7\u00e3o ao recolhimento domiciliar noturno, o relator afirmou que a referida medida busca resguardar as investiga\u00e7\u00f5es, tendo em vista que os investigados, no per\u00edodo noturno, poder\u00e3o realizar articula\u00e7\u00f5es com pessoas diversas e empreender esfor\u00e7os de formas variadas no sentido de deletar os registros de suas atua\u00e7\u00f5es na Organiza\u00e7\u00e3o Criminosa.&nbsp;<\/p>\n\n\n\n<p>\u201cAdemais, existe o risco de influ\u00eancias dos mais diversos n\u00edveis, situa\u00e7\u00e3o que pode, eventualmente, obstaculizar, impedir, ou, de alguma forma, comprometer o sucesso e o caminhar das investiga\u00e7\u00f5es ainda em curso e da pr\u00f3pria fase judicial. Esta medida tamb\u00e9m se mostra suficiente e imprescind\u00edvel a evitar, ou, ao menos, reduzir, a poss\u00edvel perpetua\u00e7\u00e3o das condutas t\u00edpicas atribu\u00eddas aos investigados\/denunciados\u201d, ressaltou.<\/p>\n\n\n\n<p>O desembargador adverte os investigados\/denunciados de que o descumprimento de alguma das medidas impostas poder\u00e1 ensejar a consequente imposi\u00e7\u00e3o de pris\u00e3o preventiva, nos termos do artigo 282, \u00a74\u00ba, c\/c artigo 312, par\u00e1grafo \u00fanico, ambos do C\u00f3digo de Processo Penal.&nbsp;<\/p>\n\n\n\n<p>Ele determinou que se oficie ao servidor respons\u00e1vel pela Central de Monitoramento Eletr\u00f4nico do Estado da Para\u00edba, localizada na Penitenci\u00e1ria de Seguran\u00e7a M\u00e9dia Juiz Hitler Cantalice, para que adote as provid\u00eancias no tocante \u00e0 disponibiliza\u00e7\u00e3o das tornozeleiras necess\u00e1rias ao fiel cumprimento da decis\u00e3o.<\/p>\n\n\n\n<p>Ricardo Vital tamb\u00e9m determinou a comunica\u00e7\u00e3o ao secret\u00e1rio de Administra\u00e7\u00e3o Penitenci\u00e1ria do Estado, S\u00e9rgio Fonseca de Souza, sob censura de responsabiliza\u00e7\u00e3o legal, a fim de que disponibilize pessoal habilitado \u00e0 coloca\u00e7\u00e3o da tornozeleira eletr\u00f4nica a que se refere a decis\u00e3o, em qualquer dos dias da semana, inclusive durante o per\u00edodo carnavalesco.&nbsp;<\/p>\n\n\n\n<p>O secret\u00e1rio tamb\u00e9m dever\u00e1 encaminhar, semanalmente e at\u00e9 as 12 horas de cada sexta-feira, relat\u00f3rio circunstanciado acerca da movimenta\u00e7\u00e3o geogr\u00e1fica dos denunciados, com hor\u00e1rio e registro espec\u00edfico de eventual aproxima\u00e7\u00e3o com outros investigados\/denunciados e\/ou eventual aus\u00eancia da Comarca onde informou residir.&nbsp;<\/p>\n\n\n\n<p>Os investigados dever\u00e3o comparecer, no prazo de 24h a contar da ci\u00eancia da intima\u00e7\u00e3o da decis\u00e3o, \u00e0 Penitenci\u00e1ria de Seguran\u00e7a M\u00e9dia Juiz Hitler Cantalice, para as provid\u00eancias necess\u00e1rias ao monitoramento pelo uso de tornozeleira eletr\u00f4nica.<\/p>\n\n\n\n<figure class=\"wp-block-image\"><img decoding=\"async\" data-src=\"https:\/\/www.clickpb.com.br\/media\/filer_public\/f3\/59\/f359efb1-bc55-4874-a306-fa0c12c3fcda\/0001.jpg\" alt=\"\" src=\"data:image\/svg+xml;base64,PHN2ZyB3aWR0aD0iMSIgaGVpZ2h0PSIxIiB4bWxucz0iaHR0cDovL3d3dy53My5vcmcvMjAwMC9zdmciPjwvc3ZnPg==\" class=\"lazyload\" \/><\/figure>\n\n\n\n<figure class=\"wp-block-image\"><img decoding=\"async\" data-src=\"https:\/\/www.clickpb.com.br\/media\/filer_public\/8d\/3c\/8d3ce38e-dab1-45af-af17-2235850a0145\/0002.jpg\" alt=\"\" src=\"data:image\/svg+xml;base64,PHN2ZyB3aWR0aD0iMSIgaGVpZ2h0PSIxIiB4bWxucz0iaHR0cDovL3d3dy53My5vcmcvMjAwMC9zdmciPjwvc3ZnPg==\" class=\"lazyload\" \/><\/figure>\n\n\n\n<figure class=\"wp-block-image\"><img decoding=\"async\" data-src=\"https:\/\/www.clickpb.com.br\/media\/filer_public\/24\/ad\/24adeee6-01e5-4cc2-96cb-d1a62da69fdb\/0003.jpg\" alt=\"\" src=\"data:image\/svg+xml;base64,PHN2ZyB3aWR0aD0iMSIgaGVpZ2h0PSIxIiB4bWxucz0iaHR0cDovL3d3dy53My5vcmcvMjAwMC9zdmciPjwvc3ZnPg==\" class=\"lazyload\" \/><\/figure>\n\n\n\n<figure class=\"wp-block-image\"><img decoding=\"async\" data-src=\"https:\/\/www.clickpb.com.br\/media\/filer_public\/0f\/f2\/0ff256e8-5056-4011-8e92-3355b15b4fe5\/0004.jpg\" alt=\"\" src=\"data:image\/svg+xml;base64,PHN2ZyB3aWR0aD0iMSIgaGVpZ2h0PSIxIiB4bWxucz0iaHR0cDovL3d3dy53My5vcmcvMjAwMC9zdmciPjwvc3ZnPg==\" class=\"lazyload\" \/><\/figure>\n\n\n\n<figure class=\"wp-block-image\"><img decoding=\"async\" data-src=\"https:\/\/www.clickpb.com.br\/media\/filer_public\/af\/0f\/af0f4c6b-c2df-4377-b92c-777b3e370a39\/0005.jpg\" alt=\"\" src=\"data:image\/svg+xml;base64,PHN2ZyB3aWR0aD0iMSIgaGVpZ2h0PSIxIiB4bWxucz0iaHR0cDovL3d3dy53My5vcmcvMjAwMC9zdmciPjwvc3ZnPg==\" class=\"lazyload\" \/><\/figure>\n\n\n\n<figure class=\"wp-block-image\"><img decoding=\"async\" data-src=\"https:\/\/www.clickpb.com.br\/media\/filer_public\/50\/a9\/50a9cb01-4c6e-4f49-b04f-1a49b9b57715\/0006.jpg\" alt=\"\" src=\"data:image\/svg+xml;base64,PHN2ZyB3aWR0aD0iMSIgaGVpZ2h0PSIxIiB4bWxucz0iaHR0cDovL3d3dy53My5vcmcvMjAwMC9zdmciPjwvc3ZnPg==\" class=\"lazyload\" \/><\/figure>\n","protected":false},"excerpt":{"rendered":"<p>O desembargador Ricardo Vital de Almeida, relator da Opera\u00e7\u00e3o Calv\u00e1rio no Tribunal de Justi\u00e7a da Para\u00edba, determinou nesta sexta-feira (21) o uso de tornozeleira eletr\u00f4nica&hellip; <\/p>\n","protected":false},"author":2,"featured_media":50276,"comment_status":"closed","ping_status":"closed","sticky":false,"template":"","format":"standard","meta":{"sfsi_plus_gutenberg_text_before_share":"","sfsi_plus_gutenberg_show_text_before_share":"","sfsi_plus_gutenberg_icon_type":"","sfsi_plus_gutenberg_icon_alignemt":"","sfsi_plus_gutenburg_max_per_row":"","footnotes":""},"categories":[11],"tags":[],"class_list":["post-154628","post","type-post","status-publish","format-standard","has-post-thumbnail","hentry","category-politica"],"_links":{"self":[{"href":"https:\/\/www.caririemacao.com\/1\/wp-json\/wp\/v2\/posts\/154628","targetHints":{"allow":["GET"]}}],"collection":[{"href":"https:\/\/www.caririemacao.com\/1\/wp-json\/wp\/v2\/posts"}],"about":[{"href":"https:\/\/www.caririemacao.com\/1\/wp-json\/wp\/v2\/types\/post"}],"author":[{"embeddable":true,"href":"https:\/\/www.caririemacao.com\/1\/wp-json\/wp\/v2\/users\/2"}],"replies":[{"embeddable":true,"href":"https:\/\/www.caririemacao.com\/1\/wp-json\/wp\/v2\/comments?post=154628"}],"version-history":[{"count":1,"href":"https:\/\/www.caririemacao.com\/1\/wp-json\/wp\/v2\/posts\/154628\/revisions"}],"predecessor-version":[{"id":154629,"href":"https:\/\/www.caririemacao.com\/1\/wp-json\/wp\/v2\/posts\/154628\/revisions\/154629"}],"wp:featuredmedia":[{"embeddable":true,"href":"https:\/\/www.caririemacao.com\/1\/wp-json\/wp\/v2\/media\/50276"}],"wp:attachment":[{"href":"https:\/\/www.caririemacao.com\/1\/wp-json\/wp\/v2\/media?parent=154628"}],"wp:term":[{"taxonomy":"category","embeddable":true,"href":"https:\/\/www.caririemacao.com\/1\/wp-json\/wp\/v2\/categories?post=154628"},{"taxonomy":"post_tag","embeddable":true,"href":"https:\/\/www.caririemacao.com\/1\/wp-json\/wp\/v2\/tags?post=154628"}],"curies":[{"name":"wp","href":"https:\/\/api.w.org\/{rel}","templated":true}]}}