{"id":154633,"date":"2020-02-22T08:08:09","date_gmt":"2020-02-22T11:08:09","guid":{"rendered":"http:\/\/www.caririemacao.com\/1\/?p=154633"},"modified":"2020-02-22T08:08:10","modified_gmt":"2020-02-22T11:08:10","slug":"eua-encerram-embargo-a-carne-bovina-in-natura-do-brasil","status":"publish","type":"post","link":"https:\/\/www.caririemacao.com\/1\/2020\/02\/22\/eua-encerram-embargo-a-carne-bovina-in-natura-do-brasil\/","title":{"rendered":"EUA encerram embargo a carne bovina in natura do Brasil"},"content":{"rendered":"\n<p>Depois de mais de dois anos de embargo, os Estados Unidos liberaram as compras de carne bovina in natura do Brasil. O an\u00fancio foi feito hoje (21) pela ministra da Agricultura, Tereza Cristina.<\/p>\n\n\n\n<p>\u201cHoje recebemos com satisfa\u00e7\u00e3o uma not\u00edcia esperada por n\u00f3s h\u00e1 algum tempo: a reabertura do mercado de carne bovina in natura do Brasil para os Estados Unidos. Uma \u00f3tima not\u00edcia porque isso traz a qualifica\u00e7\u00e3o, a qualidade da carne brasileira reconhecida por um mercado t\u00e3o importante como o mercado americano\u201d, disse a ministra em v\u00eddeo postado na rede social Twitter.<\/p>\n\n\n\n<p>A libera\u00e7\u00e3o ocorre semanas depois de uma visita de agentes sanit\u00e1rios norte-americanos ao Brasil. Durante a visita a Washington, em mar\u00e7o do ano passado, o presidente Jair Bolsonaro havia pedido ao presidente Donald Trump o fim do embargo americano \u00e0 carne bovina in natura brasileira. Uma miss\u00e3o t\u00e9cnica foi enviada pelo governo dos Estados Unidos em junho do ano passado, mas manteve o veto. No come\u00e7o de 2020, outra comitiva de autoridades sanit\u00e1rias voltou ao Brasil e anunciou que pretendia reabrir o mercado em breve.<\/p>\n\n\n\n<p>Pouco depois da Opera\u00e7\u00e3o Carne Fraca, que revelou esquema de adultera\u00e7\u00e3o em certificados da carne vendida no mercado interno, os Estados Unidos suspenderam a compra de carne fresca do Brasil, em junho de 2017. Na \u00e9poca, o governo norte-americano alegou abcessos no alimento causados pela vacina\u00e7\u00e3o contra febre aftosa. As exporta\u00e7\u00f5es de carne industrializada n\u00e3o foram afetadas.<\/p>\n\n\n\n<p>O governo brasileiro reduziu a dose da vacina e removeu as subst\u00e2ncias que provocavam os abcessos. Desde ent\u00e3o, o Brasil estava esperando a libera\u00e7\u00e3o das exporta\u00e7\u00f5es para os Estados Unidos. Em 2016, as vendas de carne bovina fresca brasileira para os Estados Unidos somaram US$ 284 milh\u00f5es.<\/p>\n","protected":false},"excerpt":{"rendered":"<p>Depois de mais de dois anos de embargo, os Estados Unidos liberaram as compras de carne bovina in natura do Brasil. O an\u00fancio foi feito&hellip; <\/p>\n","protected":false},"author":2,"featured_media":154634,"comment_status":"closed","ping_status":"closed","sticky":false,"template":"","format":"standard","meta":{"sfsi_plus_gutenberg_text_before_share":"","sfsi_plus_gutenberg_show_text_before_share":"","sfsi_plus_gutenberg_icon_type":"","sfsi_plus_gutenberg_icon_alignemt":"","sfsi_plus_gutenburg_max_per_row":"","footnotes":""},"categories":[2],"tags":[],"class_list":["post-154633","post","type-post","status-publish","format-standard","has-post-thumbnail","hentry","category-geral"],"_links":{"self":[{"href":"https:\/\/www.caririemacao.com\/1\/wp-json\/wp\/v2\/posts\/154633","targetHints":{"allow":["GET"]}}],"collection":[{"href":"https:\/\/www.caririemacao.com\/1\/wp-json\/wp\/v2\/posts"}],"about":[{"href":"https:\/\/www.caririemacao.com\/1\/wp-json\/wp\/v2\/types\/post"}],"author":[{"embeddable":true,"href":"https:\/\/www.caririemacao.com\/1\/wp-json\/wp\/v2\/users\/2"}],"replies":[{"embeddable":true,"href":"https:\/\/www.caririemacao.com\/1\/wp-json\/wp\/v2\/comments?post=154633"}],"version-history":[{"count":1,"href":"https:\/\/www.caririemacao.com\/1\/wp-json\/wp\/v2\/posts\/154633\/revisions"}],"predecessor-version":[{"id":154635,"href":"https:\/\/www.caririemacao.com\/1\/wp-json\/wp\/v2\/posts\/154633\/revisions\/154635"}],"wp:featuredmedia":[{"embeddable":true,"href":"https:\/\/www.caririemacao.com\/1\/wp-json\/wp\/v2\/media\/154634"}],"wp:attachment":[{"href":"https:\/\/www.caririemacao.com\/1\/wp-json\/wp\/v2\/media?parent=154633"}],"wp:term":[{"taxonomy":"category","embeddable":true,"href":"https:\/\/www.caririemacao.com\/1\/wp-json\/wp\/v2\/categories?post=154633"},{"taxonomy":"post_tag","embeddable":true,"href":"https:\/\/www.caririemacao.com\/1\/wp-json\/wp\/v2\/tags?post=154633"}],"curies":[{"name":"wp","href":"https:\/\/api.w.org\/{rel}","templated":true}]}}