{"id":154637,"date":"2020-02-22T08:20:36","date_gmt":"2020-02-22T11:20:36","guid":{"rendered":"http:\/\/www.caririemacao.com\/1\/?p=154637"},"modified":"2020-02-22T08:20:37","modified_gmt":"2020-02-22T11:20:37","slug":"procuradoria-juridica-da-alpb-recomenda-arquivamento-do-pedido-de-impeachment-de-joao-azevedo","status":"publish","type":"post","link":"https:\/\/www.caririemacao.com\/1\/2020\/02\/22\/procuradoria-juridica-da-alpb-recomenda-arquivamento-do-pedido-de-impeachment-de-joao-azevedo\/","title":{"rendered":"Procuradoria jur\u00eddica da ALPB recomenda arquivamento do pedido de impeachment de Jo\u00e3o Azev\u00eado"},"content":{"rendered":"\n<p>A Procuradoria Jur\u00eddica da Assembleia Legislativa da Para\u00edba emitiu parecer pelo arquivamento do pedido de impeachment do governador Jo\u00e3o Azev\u00eado (Cidadania) e da vice-governadora L\u00edgia Feliciano (PDT). As informa\u00e7\u00f5es s\u00e3o do jornalista Lu\u00eds Torres.<\/p>\n\n\n\n<p>O pedido, de iniciativa do deputado Wallber Virgolino, foi&nbsp;<a href=\"https:\/\/www.clickpb.com.br\/politica\/oposicao-pede-impeachment-de-joao-azevedo-e-ligia-feliciano-governador-considera-natural-277330.html\">protocolado no \u00faltimo dia 5<\/a>de fevereiro. Desde o in\u00edcio, o governador Jo\u00e3o Azev\u00eado ressaltou que tinha certeza de que o pedido seria arquivado, por n\u00e3o conter nenhuma&nbsp;<a href=\"https:\/\/www.clickpb.com.br\/politica\/joao-azevedo-chama-pedido-de-impeachment-de-excrescencia-e-diz-que-nao-ha-substancia-juridica-277644.html\">subst\u00e2ncia jur\u00eddica<\/a>.<\/p>\n","protected":false},"excerpt":{"rendered":"<p>A Procuradoria Jur\u00eddica da Assembleia Legislativa da Para\u00edba emitiu parecer pelo arquivamento do pedido de impeachment do governador Jo\u00e3o Azev\u00eado (Cidadania) e da vice-governadora L\u00edgia&hellip; <\/p>\n","protected":false},"author":2,"featured_media":152931,"comment_status":"closed","ping_status":"closed","sticky":false,"template":"","format":"standard","meta":{"sfsi_plus_gutenberg_text_before_share":"","sfsi_plus_gutenberg_show_text_before_share":"","sfsi_plus_gutenberg_icon_type":"","sfsi_plus_gutenberg_icon_alignemt":"","sfsi_plus_gutenburg_max_per_row":"","footnotes":""},"categories":[11],"tags":[],"class_list":["post-154637","post","type-post","status-publish","format-standard","has-post-thumbnail","hentry","category-politica"],"_links":{"self":[{"href":"https:\/\/www.caririemacao.com\/1\/wp-json\/wp\/v2\/posts\/154637","targetHints":{"allow":["GET"]}}],"collection":[{"href":"https:\/\/www.caririemacao.com\/1\/wp-json\/wp\/v2\/posts"}],"about":[{"href":"https:\/\/www.caririemacao.com\/1\/wp-json\/wp\/v2\/types\/post"}],"author":[{"embeddable":true,"href":"https:\/\/www.caririemacao.com\/1\/wp-json\/wp\/v2\/users\/2"}],"replies":[{"embeddable":true,"href":"https:\/\/www.caririemacao.com\/1\/wp-json\/wp\/v2\/comments?post=154637"}],"version-history":[{"count":1,"href":"https:\/\/www.caririemacao.com\/1\/wp-json\/wp\/v2\/posts\/154637\/revisions"}],"predecessor-version":[{"id":154638,"href":"https:\/\/www.caririemacao.com\/1\/wp-json\/wp\/v2\/posts\/154637\/revisions\/154638"}],"wp:featuredmedia":[{"embeddable":true,"href":"https:\/\/www.caririemacao.com\/1\/wp-json\/wp\/v2\/media\/152931"}],"wp:attachment":[{"href":"https:\/\/www.caririemacao.com\/1\/wp-json\/wp\/v2\/media?parent=154637"}],"wp:term":[{"taxonomy":"category","embeddable":true,"href":"https:\/\/www.caririemacao.com\/1\/wp-json\/wp\/v2\/categories?post=154637"},{"taxonomy":"post_tag","embeddable":true,"href":"https:\/\/www.caririemacao.com\/1\/wp-json\/wp\/v2\/tags?post=154637"}],"curies":[{"name":"wp","href":"https:\/\/api.w.org\/{rel}","templated":true}]}}