{"id":154639,"date":"2020-02-22T08:21:52","date_gmt":"2020-02-22T11:21:52","guid":{"rendered":"http:\/\/www.caririemacao.com\/1\/?p=154639"},"modified":"2020-02-22T08:21:54","modified_gmt":"2020-02-22T11:21:54","slug":"ufpb-tera-147-cameras-e-software-de-reconhecimento-facial-para-intensificar-a-seguranca","status":"publish","type":"post","link":"https:\/\/www.caririemacao.com\/1\/2020\/02\/22\/ufpb-tera-147-cameras-e-software-de-reconhecimento-facial-para-intensificar-a-seguranca\/","title":{"rendered":"UFPB ter\u00e1 147 c\u00e2meras e software de reconhecimento facial para intensificar a seguran\u00e7a"},"content":{"rendered":"\n<p>Para redobrar a seguran\u00e7a, a&nbsp;Universidade Federal da Para\u00edba (UFPB) ir\u00e1 ampliar em 200% a quantidade de c\u00e2meras de monitoramento no campus I, em Jo\u00e3o Pessoa&nbsp;Ser\u00e3o instaladas, a partir do final do m\u00eas de mar\u00e7o, mais 98 filmadoras. Elas se somar\u00e3o \u00e0s 49 que j\u00e1 est\u00e3o em funcionamento e interligadas a uma central de monitoramento.&nbsp;<\/p>\n\n\n\n<p>Al\u00e9m da instala\u00e7\u00e3o das novas c\u00e2meras, ser\u00e3o implementadas outras ferramentas de seguran\u00e7a, que funcionam por meio de softwares. Uma delas, a cancela virtual, serve para identificar a movimenta\u00e7\u00e3o de pessoas em determinados acessos e coletar dados.<br>\u201cA cancela virtual vai me dar o dado preciso, em um determinado port\u00e3o, por exemplo, da quantidade de carros, de motocicletas, enfim. Ent\u00e3o no momento em que se precisar identificar, por suspeita, algum ve\u00edculo, a gente consegue essa identifica\u00e7\u00e3o pela cor e placa, em alta defini\u00e7\u00e3o\u201d, explicou o&nbsp;superintendente de Seguran\u00e7a Institucional da UFPB, professor Saint-Clair Avellar.<\/p>\n\n\n\n<p>Outra novidade \u00e9 um software de reconhecimento facial e postural, que funcionar\u00e1 por meio da capta\u00e7\u00e3o de imagens pelas c\u00e2meras. Ser\u00e1 criado ainda o bot\u00e3o do p\u00e2nico. Trata-se de um aplicativo desenvolvido pela Superintend\u00eancia de Tecnologia da Informa\u00e7\u00e3o (STI) da UFPB. Ele ser\u00e1 disponibilizado para toda a comunidade universit\u00e1ria, mediante cadastro.<\/p>\n\n\n\n<p>\u201cNo momento em que voc\u00ea estiver se sentindo amea\u00e7ado dentro do campus, bastar\u00e1 acionar o bot\u00e3o de p\u00e2nico que n\u00f3s vamos saber todo o percurso que voc\u00ea est\u00e1 fazendo. Ent\u00e3o a gente poder\u00e1 seguir, abordar, proteger e tentar debelar qualquer tipo de amea\u00e7a\u201d.<\/p>\n\n\n\n<p>De acordo com ele, a previs\u00e3o para os novos equipamentos estarem funcionando \u00e9 de 120 dias ap\u00f3s o in\u00edcio da instala\u00e7\u00e3o. Ele afirmou que a universidade pretende estender o projeto para os demais campi, a depender da disponibilidade de recursos financeiros.<\/p>\n\n\n\n<p>O gestor destaca a import\u00e2ncia de se investir em seguran\u00e7a. \u201cSeguran\u00e7a \u00e9 a primeira necessidade, porque voc\u00ea estando seguro, consegue trabalhar de forma tranquila, viver de forma tranquila e nosso aluno consegue estudar de forma mais sossegada\u201d, defende.<\/p>\n\n\n\n<p>Saint-Clair Avellar conta ainda que nesta \u00faltima quinta-feira (21), por exemplo, a seguran\u00e7a do campus I evitou o furto de uma bicicleta, depois que um suspeito foi identificado e flagrado pelas c\u00e2meras de monitoramento. Ele foi abordado e a pol\u00edcia foi acionada.&nbsp;<\/p>\n\n\n\n<p>A superintend\u00eancia estima que os investimentos em tecnologia reduzam as despesas com seguran\u00e7a. \u201cConsiderando o que se paga hoje de seguran\u00e7a terceirizada, os valores para instala\u00e7\u00e3o de forma definitiva do monitoramento s\u00e3o infinitamente aqu\u00e9m do que se paga mensalmente. Depois de todo esse aperto financeiro pelo governo, n\u00f3s gastamos, hoje, R$ 8 milh\u00f5es por ano em seguran\u00e7a\u201d.<\/p>\n","protected":false},"excerpt":{"rendered":"<p>Para redobrar a seguran\u00e7a, a&nbsp;Universidade Federal da Para\u00edba (UFPB) ir\u00e1 ampliar em 200% a quantidade de c\u00e2meras de monitoramento no campus I, em Jo\u00e3o Pessoa&nbsp;Ser\u00e3o&hellip; <\/p>\n","protected":false},"author":2,"featured_media":154642,"comment_status":"closed","ping_status":"closed","sticky":false,"template":"","format":"standard","meta":{"sfsi_plus_gutenberg_text_before_share":"","sfsi_plus_gutenberg_show_text_before_share":"","sfsi_plus_gutenberg_icon_type":"","sfsi_plus_gutenberg_icon_alignemt":"","sfsi_plus_gutenburg_max_per_row":"","footnotes":""},"categories":[2],"tags":[],"class_list":["post-154639","post","type-post","status-publish","format-standard","has-post-thumbnail","hentry","category-geral"],"_links":{"self":[{"href":"https:\/\/www.caririemacao.com\/1\/wp-json\/wp\/v2\/posts\/154639","targetHints":{"allow":["GET"]}}],"collection":[{"href":"https:\/\/www.caririemacao.com\/1\/wp-json\/wp\/v2\/posts"}],"about":[{"href":"https:\/\/www.caririemacao.com\/1\/wp-json\/wp\/v2\/types\/post"}],"author":[{"embeddable":true,"href":"https:\/\/www.caririemacao.com\/1\/wp-json\/wp\/v2\/users\/2"}],"replies":[{"embeddable":true,"href":"https:\/\/www.caririemacao.com\/1\/wp-json\/wp\/v2\/comments?post=154639"}],"version-history":[{"count":1,"href":"https:\/\/www.caririemacao.com\/1\/wp-json\/wp\/v2\/posts\/154639\/revisions"}],"predecessor-version":[{"id":154643,"href":"https:\/\/www.caririemacao.com\/1\/wp-json\/wp\/v2\/posts\/154639\/revisions\/154643"}],"wp:featuredmedia":[{"embeddable":true,"href":"https:\/\/www.caririemacao.com\/1\/wp-json\/wp\/v2\/media\/154642"}],"wp:attachment":[{"href":"https:\/\/www.caririemacao.com\/1\/wp-json\/wp\/v2\/media?parent=154639"}],"wp:term":[{"taxonomy":"category","embeddable":true,"href":"https:\/\/www.caririemacao.com\/1\/wp-json\/wp\/v2\/categories?post=154639"},{"taxonomy":"post_tag","embeddable":true,"href":"https:\/\/www.caririemacao.com\/1\/wp-json\/wp\/v2\/tags?post=154639"}],"curies":[{"name":"wp","href":"https:\/\/api.w.org\/{rel}","templated":true}]}}