{"id":154646,"date":"2020-02-22T08:22:53","date_gmt":"2020-02-22T11:22:53","guid":{"rendered":"http:\/\/www.caririemacao.com\/1\/?p=154646"},"modified":"2020-02-22T08:22:56","modified_gmt":"2020-02-22T11:22:56","slug":"ufcg-abre-nove-vagas-para-professores-substitutos-em-diversas-areas-e-quatro-campi","status":"publish","type":"post","link":"https:\/\/www.caririemacao.com\/1\/2020\/02\/22\/ufcg-abre-nove-vagas-para-professores-substitutos-em-diversas-areas-e-quatro-campi\/","title":{"rendered":"UFCG abre nove vagas para professores substitutos em diversas \u00e1reas e quatro campi"},"content":{"rendered":"\n<p>A Universidade Federal de Campina Grande (UFCG) lan\u00e7ou editais de processos seletivos para contrata\u00e7\u00e3o de professores substitutos em diversas \u00e1reas. As vagas s\u00e3o para os campi de Campina Grande, Cajazeiras, Cuit\u00e9 e Patos. As inscri\u00e7\u00f5es acontecem em mar\u00e7o.<\/p>\n\n\n\n<p><strong>Campina Grande<\/strong><\/p>\n\n\n\n<p>No campus sede, h\u00e1 uma vaga para professor com doutorado em Ci\u00eancia Pol\u00edtica e conhecimento em Teoria Pol\u00edtica Contempor\u00e2nea e M\u00e9todos Quantitativos Avan\u00e7ados. As inscri\u00e7\u00f5es acontecem de 9 a 13 de mar\u00e7o.<\/p>\n\n\n\n<p>Outras duas vagas s\u00e3o para candidatos com gradua\u00e7\u00e3o em mestrado em Psicologia. Os interessados devem realizar as inscri\u00e7\u00f5es de 9 a 11 de mar\u00e7o. H\u00e1 tamb\u00e9m uma vaga para graduados em L\u00edngua Francesa com mestrado na \u00e1rea. O per\u00edodo de inscri\u00e7\u00f5es vai de 16 a 20 de mar\u00e7o.<\/p>\n\n\n\n<p><strong>Cajazeiras<\/strong><\/p>\n\n\n\n<p>Para o campus Cajazeiras, as vagas ofertadas s\u00e3o para a Escola T\u00e9cnica de Sa\u00fade de Cajazeiras. Duas vagas s\u00e3o para graduados em Enfermagem com conhecimento em Sa\u00fade do Adulto I e Est\u00e1gio Supervisionado e uma vaga \u00e9 para candidatos com licenciatura em Sociologia ou Filosofia. As inscri\u00e7\u00f5es acontecem de 9 a 13 de mar\u00e7o.<\/p>\n\n\n\n<p><strong>Cuit\u00e9<\/strong><\/p>\n\n\n\n<p>Para o Centro de Educa\u00e7\u00e3o e Sa\u00fade (CES), campus Cuit\u00e9, a vaga ofertada \u00e9 para graduados em Enfermagem com especializa\u00e7\u00e3o na \u00e1rea da sa\u00fade e conhecimento em Enfermagem na Aten\u00e7\u00e3o Hospitalar. A carga hor\u00e1ria \u00e9 de 40 horas semanais. As inscri\u00e7\u00f5es acontecem de 9 a 13 de mar\u00e7o.<\/p>\n\n\n\n<p><strong>Patos<\/strong><\/p>\n\n\n\n<p>J\u00e1 no Centro de Sa\u00fade e Tecnologia Rural (CSTR), campus Patos, a vaga aberta \u00e9 para graduados em Medicina Veterin\u00e1ria com conhecimento em Morfologia Animal. O per\u00edodo de inscri\u00e7\u00f5es vai de 9 a 11 de mar\u00e7o.<\/p>\n\n\n\n<p>Outras informa\u00e7\u00f5es est\u00e3o dispon\u00edveis nos avisos de editais:<\/p>\n\n\n\n<p><a href=\"https:\/\/portal.ufcg.edu.br\/editais-de-concursos-e-processos-seletivos\/1802-ch-edital-n-03-2020-abertura-de-inscricoes-para-o-processo-seletivo-simplificado-campus-campina-grande.html\">Campina Grande &#8211; Ci\u00eancias Sociais (\u00c1rea: Ci\u00eancia Pol\u00edtica)<\/a><\/p>\n\n\n\n<p><a href=\"https:\/\/portal.ufcg.edu.br\/editais-de-concursos-e-processos-seletivos\/1803-ccbs-edital-n-02-2020-abertura-de-inscricoes-para-o-processo-seletivo-simplificado-campus-campina-grande.html\">Campina Grande &#8211; Psicologia (\u00c1rea: Psicologia)<\/a><\/p>\n\n\n\n<p><a href=\"https:\/\/portal.ufcg.edu.br\/editais-de-concursos-e-processos-seletivos\/1804-ch-edital-n-04-2020-abertura-de-inscricoes-para-o-processo-seletivo-simplificado-campus-campina-grande.html\">Campina Grande &#8211; Letras (\u00c1rea: L\u00edngua Francesa)<\/a><\/p>\n\n\n\n<p><a href=\"https:\/\/portal.ufcg.edu.br\/editais-de-concursos-e-processos-seletivos\/1805-cfp-edital-n-04-2020-abertura-de-inscricoes-para-o-processo-seletivo-simplificado-campus-cajazeiras.html\">Cajazeiras &#8211; ETSC (\u00c1reas: Enfermagem e Filosofia\/Sociologia)<\/a><\/p>\n\n\n\n<p><a href=\"https:\/\/portal.ufcg.edu.br\/editais-de-concursos-e-processos-seletivos\/1800-ces-edital-n-01-2020-abertura-de-inscricoes-para-o-processo-seletivo-simplificado-campus-cuite.html\">Cuit\u00e9 &#8211; Enfermagem (\u00c1rea: Enfermagem na Aten\u00e7\u00e3o Hospitalar)<\/a><\/p>\n\n\n\n<p><a href=\"https:\/\/portal.ufcg.edu.br\/editais-de-concursos-e-processos-seletivos\/1801-cstr-edital-n-01-2020-abertura-de-inscricoes-para-o-processo-seletivo-simplificado-campus-patos.html\">Patos &#8211; Medicina Veterin\u00e1ria (\u00c1rea: Morfofisiologia Animal)<\/a><\/p>\n","protected":false},"excerpt":{"rendered":"<p>A Universidade Federal de Campina Grande (UFCG) lan\u00e7ou editais de processos seletivos para contrata\u00e7\u00e3o de professores substitutos em diversas \u00e1reas. As vagas s\u00e3o para os&hellip; <\/p>\n","protected":false},"author":2,"featured_media":154034,"comment_status":"closed","ping_status":"closed","sticky":false,"template":"","format":"standard","meta":{"sfsi_plus_gutenberg_text_before_share":"","sfsi_plus_gutenberg_show_text_before_share":"","sfsi_plus_gutenberg_icon_type":"","sfsi_plus_gutenberg_icon_alignemt":"","sfsi_plus_gutenburg_max_per_row":"","footnotes":""},"categories":[14],"tags":[],"class_list":["post-154646","post","type-post","status-publish","format-standard","has-post-thumbnail","hentry","category-educacao"],"_links":{"self":[{"href":"https:\/\/www.caririemacao.com\/1\/wp-json\/wp\/v2\/posts\/154646","targetHints":{"allow":["GET"]}}],"collection":[{"href":"https:\/\/www.caririemacao.com\/1\/wp-json\/wp\/v2\/posts"}],"about":[{"href":"https:\/\/www.caririemacao.com\/1\/wp-json\/wp\/v2\/types\/post"}],"author":[{"embeddable":true,"href":"https:\/\/www.caririemacao.com\/1\/wp-json\/wp\/v2\/users\/2"}],"replies":[{"embeddable":true,"href":"https:\/\/www.caririemacao.com\/1\/wp-json\/wp\/v2\/comments?post=154646"}],"version-history":[{"count":1,"href":"https:\/\/www.caririemacao.com\/1\/wp-json\/wp\/v2\/posts\/154646\/revisions"}],"predecessor-version":[{"id":154647,"href":"https:\/\/www.caririemacao.com\/1\/wp-json\/wp\/v2\/posts\/154646\/revisions\/154647"}],"wp:featuredmedia":[{"embeddable":true,"href":"https:\/\/www.caririemacao.com\/1\/wp-json\/wp\/v2\/media\/154034"}],"wp:attachment":[{"href":"https:\/\/www.caririemacao.com\/1\/wp-json\/wp\/v2\/media?parent=154646"}],"wp:term":[{"taxonomy":"category","embeddable":true,"href":"https:\/\/www.caririemacao.com\/1\/wp-json\/wp\/v2\/categories?post=154646"},{"taxonomy":"post_tag","embeddable":true,"href":"https:\/\/www.caririemacao.com\/1\/wp-json\/wp\/v2\/tags?post=154646"}],"curies":[{"name":"wp","href":"https:\/\/api.w.org\/{rel}","templated":true}]}}