{"id":154650,"date":"2020-02-22T08:24:21","date_gmt":"2020-02-22T11:24:21","guid":{"rendered":"http:\/\/www.caririemacao.com\/1\/?p=154650"},"modified":"2020-02-22T08:24:23","modified_gmt":"2020-02-22T11:24:23","slug":"bolsonaro-diz-que-helio-lopes-e-negro-porque-demorou-para-nascer","status":"publish","type":"post","link":"https:\/\/www.caririemacao.com\/1\/2020\/02\/22\/bolsonaro-diz-que-helio-lopes-e-negro-porque-demorou-para-nascer\/","title":{"rendered":"Bolsonaro diz que H\u00e9lio Lopes \u00e9 negro porque \u201cdemorou para nascer\u201d"},"content":{"rendered":"\n<p>O presidente Jair Bolsonaro afirmou na noite desta quinta-feira que o deputado federal H\u00e9lio Lopes Bolsonaro (PSL-RJ), o \u201cH\u00e9lio Neg\u00e3o\u201d, \u00e9 negro porque \u201cdemorou para nascer\u201d.<\/p>\n\n\n\n<p>Durante a transmiss\u00e3o ao vivo nas redes sociais ao lado do agora ministro da Cidadania, Onyx Lorenzoni, Bolsonaro comentou a verba destinada diariamente para soldados e afirmou que eles tamb\u00e9m recebiam comida de gra\u00e7a.<\/p>\n\n\n\n<p>\u201cEles tem uma gororoba l\u00e1, o linguajar \u00e9 esse. \u00c9 uma galinha estilha\u00e7ada, \u00e9 um boi ralado, \u00e9 isso mesmo neg\u00e3o?\u201d, perguntou o presidente convidando H\u00e9lio para \u201cdar um exemplo de card\u00e1pio do ex\u00e9rcito\u201d.<\/p>\n\n\n\n<p>\u201cO neg\u00e3o \u00e9 o H\u00e9lio, meu irm\u00e3o. Meu irm\u00e3o que demorou para nascer, levou 10 meses para nascer. O H\u00e9lio deu uma queimadinha. Se n\u00e3o ele seria a minha cara\u201d, afirmou Bolsonaro aos risos.<\/p>\n\n\n\n<figure><iframe data-src=\"https:\/\/www.facebook.com\/plugins\/video.php?href=https%3A%2F%2Fwww.facebook.com%2Fjairmessias.bolsonaro%2Fvideos%2F262011148120062%2F&amp;show_text=0&amp;width=560\" width=\"560\" height=\"315\" allowfullscreen=\"true\" src=\"data:image\/svg+xml;base64,PHN2ZyB3aWR0aD0iMSIgaGVpZ2h0PSIxIiB4bWxucz0iaHR0cDovL3d3dy53My5vcmcvMjAwMC9zdmciPjwvc3ZnPg==\" class=\"lazyload\" data-load-mode=\"1\"><\/iframe><\/figure>\n","protected":false},"excerpt":{"rendered":"<p>O presidente Jair Bolsonaro afirmou na noite desta quinta-feira que o deputado federal H\u00e9lio Lopes Bolsonaro (PSL-RJ), o \u201cH\u00e9lio Neg\u00e3o\u201d, \u00e9 negro porque \u201cdemorou para&hellip; <\/p>\n","protected":false},"author":2,"featured_media":154651,"comment_status":"closed","ping_status":"closed","sticky":false,"template":"","format":"standard","meta":{"sfsi_plus_gutenberg_text_before_share":"","sfsi_plus_gutenberg_show_text_before_share":"","sfsi_plus_gutenberg_icon_type":"","sfsi_plus_gutenberg_icon_alignemt":"","sfsi_plus_gutenburg_max_per_row":"","footnotes":""},"categories":[50,11],"tags":[],"class_list":["post-154650","post","type-post","status-publish","format-standard","has-post-thumbnail","hentry","category-destaque","category-politica"],"_links":{"self":[{"href":"https:\/\/www.caririemacao.com\/1\/wp-json\/wp\/v2\/posts\/154650","targetHints":{"allow":["GET"]}}],"collection":[{"href":"https:\/\/www.caririemacao.com\/1\/wp-json\/wp\/v2\/posts"}],"about":[{"href":"https:\/\/www.caririemacao.com\/1\/wp-json\/wp\/v2\/types\/post"}],"author":[{"embeddable":true,"href":"https:\/\/www.caririemacao.com\/1\/wp-json\/wp\/v2\/users\/2"}],"replies":[{"embeddable":true,"href":"https:\/\/www.caririemacao.com\/1\/wp-json\/wp\/v2\/comments?post=154650"}],"version-history":[{"count":1,"href":"https:\/\/www.caririemacao.com\/1\/wp-json\/wp\/v2\/posts\/154650\/revisions"}],"predecessor-version":[{"id":154652,"href":"https:\/\/www.caririemacao.com\/1\/wp-json\/wp\/v2\/posts\/154650\/revisions\/154652"}],"wp:featuredmedia":[{"embeddable":true,"href":"https:\/\/www.caririemacao.com\/1\/wp-json\/wp\/v2\/media\/154651"}],"wp:attachment":[{"href":"https:\/\/www.caririemacao.com\/1\/wp-json\/wp\/v2\/media?parent=154650"}],"wp:term":[{"taxonomy":"category","embeddable":true,"href":"https:\/\/www.caririemacao.com\/1\/wp-json\/wp\/v2\/categories?post=154650"},{"taxonomy":"post_tag","embeddable":true,"href":"https:\/\/www.caririemacao.com\/1\/wp-json\/wp\/v2\/tags?post=154650"}],"curies":[{"name":"wp","href":"https:\/\/api.w.org\/{rel}","templated":true}]}}